{"id":1117,"date":"2019-03-28T01:00:41","date_gmt":"2019-03-28T00:00:41","guid":{"rendered":"https:\/\/www.sy-maya.de\/home\/?p=1117"},"modified":"2019-05-12T15:47:49","modified_gmt":"2019-05-12T13:47:49","slug":"endlich-sonne-unsere-zeit-auf-gran-canaria","status":"publish","type":"post","link":"https:\/\/www.sy-maya.de\/home\/2019\/03\/28\/endlich-sonne-unsere-zeit-auf-gran-canaria\/","title":{"rendered":"Endlich Sonne! &#8211; unsere Zeit auf Gran Canaria"},"content":{"rendered":"\n<p>Nachdem wir Las Palmas verlassen haben waren wir zun\u00e4chst in der Marina Pasito Blanco (nicht weit vom Tourismus-Hotspot Maspalomas entfernt) und dann in Puerto de Mogan. Endlich sind wir da angekommen, wo man sich vor der Sonne verstecken sollte.<\/p>\n\n\n\n<p>Etwas vereinfacht kann man sagen, dass unser Aufenthalt auf Gran Canaria im wesentlichen von 2 Dingen bestimmt war:<\/p>\n\n\n\n<ol><li>Endlich <em>wirklich <\/em>sch\u00f6nes und warmes Wetter genie\u00dfen.<\/li><li>Letzte Vorbereitungen an unserem Boot f\u00fcr unsere erste gro\u00dfe Passage.<\/li><\/ol>\n\n\n\n<p><\/p>\n\n\n\n<p>Da die Arbeit am Boot leider meist etwas l\u00e4nger dauert als geplant und wir auch leider nicht in Las Palmas bleiben konnten, war daf\u00fcr etwas mehr Zeit notwendig als wir uns gew\u00fcnscht h\u00e4tten. Auch war es notwendig, dass wir 2x mit dem Mietwagen quer \u00fcber die Insel nach Las Palmas gefahren sind, um Besorgungen zu machen, weil es &#8222;im S\u00fcden der Insel&#8220; &#8211; au\u00dfer den Dingen f\u00fcr den &#8222;t\u00e4glichen Bedarf von Touristen&#8220; &#8211; nicht so wirklich viele Gesch\u00e4fte sind. <\/p>\n\n\n<p>\r\n\t\t\t\t\t\n\r\n\t\t\t\t\t<!-- START UNITE GALLERY 1.7.62 -->\r\n\t\t\t\t\t\r\n\t\t\t\t\n\t\t\t<div id='unitegallery_29_1' class='unite-gallery' style='margin:0px auto;'>\n\t\t\t\t\n\n\t\t\t\t\t\t<img alt=\"20190317_172958_HDR\"\n\t\t\t\t\t\t     src=\"\" data-image=\"https:\/\/www.sy-maya.de\/home\/wp-content\/uploads\/2019\/03\/20190317_172958_HDR-e1553730743156.jpg\"\n\t\t\t\t\t\t     data-thumb=\"https:\/\/www.sy-maya.de\/home\/wp-content\/uploads\/2019\/03\/20190317_172958_HDR-e1553730743156-225x300.jpg\"\n\t\t\t\t\t\t     title=\"\"\n\t\t\t\t\t\t     style=\"display:none\">\n\n\t\t\t\t\t\t<img alt=\"20190317_185558_HDR\"\n\t\t\t\t\t\t     src=\"\" data-image=\"https:\/\/www.sy-maya.de\/home\/wp-content\/uploads\/2019\/03\/20190317_185558_HDR.jpg\"\n\t\t\t\t\t\t     data-thumb=\"https:\/\/www.sy-maya.de\/home\/wp-content\/uploads\/2019\/03\/20190317_185558_HDR-300x225.jpg\"\n\t\t\t\t\t\t     title=\"\"\n\t\t\t\t\t\t     style=\"display:none\">\n\n\t\t\t\t\t\t<img alt=\"20190317_185631\"\n\t\t\t\t\t\t     src=\"\" data-image=\"https:\/\/www.sy-maya.de\/home\/wp-content\/uploads\/2019\/03\/20190317_185631.jpg\"\n\t\t\t\t\t\t     data-thumb=\"https:\/\/www.sy-maya.de\/home\/wp-content\/uploads\/2019\/03\/20190317_185631-300x225.jpg\"\n\t\t\t\t\t\t     title=\"\"\n\t\t\t\t\t\t     style=\"display:none\">\n\n\t\t\t\t\t\t<img alt=\"20190319_165408\"\n\t\t\t\t\t\t     src=\"\" data-image=\"https:\/\/www.sy-maya.de\/home\/wp-content\/uploads\/2019\/03\/20190319_165408-e1553730717140.jpg\"\n\t\t\t\t\t\t     data-thumb=\"https:\/\/www.sy-maya.de\/home\/wp-content\/uploads\/2019\/03\/20190319_165408-e1553730717140-300x225.jpg\"\n\t\t\t\t\t\t     title=\"\"\n\t\t\t\t\t\t     style=\"display:none\">\n\n\t\t\t\t\t\t<img alt=\"20190322_102937\"\n\t\t\t\t\t\t     src=\"\" data-image=\"https:\/\/www.sy-maya.de\/home\/wp-content\/uploads\/2019\/03\/20190322_102937-e1553730818420.jpg\"\n\t\t\t\t\t\t     data-thumb=\"https:\/\/www.sy-maya.de\/home\/wp-content\/uploads\/2019\/03\/20190322_102937-e1553730818420-300x225.jpg\"\n\t\t\t\t\t\t     title=\"\"\n\t\t\t\t\t\t     style=\"display:none\">\n\n\t\t\t\t\t\t<img alt=\"20190323_131849\"\n\t\t\t\t\t\t     src=\"\" data-image=\"https:\/\/www.sy-maya.de\/home\/wp-content\/uploads\/2019\/03\/20190323_131849-e1553730761221.jpg\"\n\t\t\t\t\t\t     data-thumb=\"https:\/\/www.sy-maya.de\/home\/wp-content\/uploads\/2019\/03\/20190323_131849-e1553730761221-300x225.jpg\"\n\t\t\t\t\t\t     title=\"\"\n\t\t\t\t\t\t     style=\"display:none\">\n\n\t\t\t\t\t\t<img alt=\"OLYMPUS DIGITAL CAMERA\"\n\t\t\t\t\t\t     src=\"\" data-image=\"https:\/\/www.sy-maya.de\/home\/wp-content\/uploads\/2019\/03\/P3185139.jpg\"\n\t\t\t\t\t\t     data-thumb=\"https:\/\/www.sy-maya.de\/home\/wp-content\/uploads\/2019\/03\/P3185139-300x200.jpg\"\n\t\t\t\t\t\t     title=\"\"\n\t\t\t\t\t\t     style=\"display:none\">\n\n\t\t\t\t\t\t<img alt=\"OLYMPUS DIGITAL CAMERA\"\n\t\t\t\t\t\t     src=\"\" data-image=\"https:\/\/www.sy-maya.de\/home\/wp-content\/uploads\/2019\/03\/P3185153.jpg\"\n\t\t\t\t\t\t     data-thumb=\"https:\/\/www.sy-maya.de\/home\/wp-content\/uploads\/2019\/03\/P3185153-300x200.jpg\"\n\t\t\t\t\t\t     title=\"\"\n\t\t\t\t\t\t     style=\"display:none\">\n\n\t\t\t\t\t\t<img alt=\"OLYMPUS DIGITAL CAMERA\"\n\t\t\t\t\t\t     src=\"\" data-image=\"https:\/\/www.sy-maya.de\/home\/wp-content\/uploads\/2019\/03\/P3215159.jpg\"\n\t\t\t\t\t\t     data-thumb=\"https:\/\/www.sy-maya.de\/home\/wp-content\/uploads\/2019\/03\/P3215159-300x200.jpg\"\n\t\t\t\t\t\t     title=\"\"\n\t\t\t\t\t\t     style=\"display:none\">\n\n\t\t\t\t\t\t<img alt=\"OLYMPUS DIGITAL CAMERA\"\n\t\t\t\t\t\t     src=\"\" data-image=\"https:\/\/www.sy-maya.de\/home\/wp-content\/uploads\/2019\/03\/P3255176.jpg\"\n\t\t\t\t\t\t     data-thumb=\"https:\/\/www.sy-maya.de\/home\/wp-content\/uploads\/2019\/03\/P3255176-300x200.jpg\"\n\t\t\t\t\t\t     title=\"\"\n\t\t\t\t\t\t     style=\"display:none\">\n\n\t\t\t\t\t\t<img alt=\"IMG_8200\"\n\t\t\t\t\t\t     src=\"\" data-image=\"https:\/\/www.sy-maya.de\/home\/wp-content\/uploads\/2019\/03\/IMG_8200.jpg\"\n\t\t\t\t\t\t     data-thumb=\"https:\/\/www.sy-maya.de\/home\/wp-content\/uploads\/2019\/03\/IMG_8200-225x300.jpg\"\n\t\t\t\t\t\t     title=\"\"\n\t\t\t\t\t\t     style=\"display:none\">\n\n\t\t\t\t\t\t<img alt=\"IMG_8210\"\n\t\t\t\t\t\t     src=\"\" data-image=\"https:\/\/www.sy-maya.de\/home\/wp-content\/uploads\/2019\/03\/IMG_8210.jpg\"\n\t\t\t\t\t\t     data-thumb=\"https:\/\/www.sy-maya.de\/home\/wp-content\/uploads\/2019\/03\/IMG_8210-300x225.jpg\"\n\t\t\t\t\t\t     title=\"\"\n\t\t\t\t\t\t     style=\"display:none\">\n\t\t\t<\/div>\n\n\t\t\t<script type='text\/javascript'>\n\t\t\t\twindow.onload = function(e) {\n\t\t\t\t\tif(typeof ugCheckForErrors == \"undefined\"){\n\t\t\t\t\t\tdocument.getElementById(\"unitegallery_29_1\").innerHTML = \"<span style='color:red'>Unite Gallery Error - gallery js and css files not included in the footer. Please make sure that wp_footer() function is added to your theme.<\/span>\";}\n\t\t\t\t\telse{ ugCheckForErrors(\"unitegallery_29_1\", \"jquery\");}\n\t\t\t\t};\n\t\t\t<\/script>\n\n\t\t\t<!-- END UNITEGALLERY --><\/p>\n\n\n\n<p>Auf der anderen Seite gibt es nat\u00fcrlich in dieser Gegend sehr sch\u00f6ne Str\u00e4nde und gerade Puerto de Mogan hat uns schon recht gut gefallen (obwohl es auch sehr touristisch ist). Es ist sehr h\u00fcbsch da und wir haben die Atmosph\u00e4re des Ortes genossen.<\/p>\n\n\n\n<p>Von Pasito Blanco aus haben wir auch einen kurzen Ausflug nach Maspalomas gemacht.  Es ist ein ziemlich gro\u00dfes touristisches Zentrum und sehr laut &#8211; normalerweise nicht unser Ding. Wenn du jedoch Party und Strand willst, dann ist es vielleicht ein guter Ort f\u00fcr dich. <\/p>\n\n\n\n<p><\/p>\n","protected":false},"excerpt":{"rendered":"<p>Nachdem wir Las Palmas verlassen haben waren wir zun\u00e4chst in der Marina Pasito Blanco (nicht weit vom Tourismus-Hotspot Maspalomas entfernt) und dann in Puerto de Mogan. Endlich sind wir da [&hellip;]<\/p>\n","protected":false},"author":3,"featured_media":0,"comment_status":"open","ping_status":"open","sticky":false,"template":"","format":"standard","meta":{"_exactmetrics_skip_tracking":false,"_exactmetrics_sitenote_active":false,"_exactmetrics_sitenote_note":"","_exactmetrics_sitenote_category":0,"footnotes":""},"categories":[1,140],"tags":[],"yoast_head":"<!-- This site is optimized with the Yoast SEO plugin v23.5 - https:\/\/yoast.com\/wordpress\/plugins\/seo\/ -->\n<title>Endlich Sonne! - unsere Zeit auf Gran Canaria &#8211; SY-Maya.de<\/title>\n<meta name=\"robots\" content=\"index, follow, max-snippet:-1, max-image-preview:large, max-video-preview:-1\" \/>\n<link rel=\"canonical\" href=\"https:\/\/www.sy-maya.de\/home\/2019\/03\/28\/endlich-sonne-unsere-zeit-auf-gran-canaria\/\" \/>\n<meta property=\"og:locale\" content=\"de_DE\" \/>\n<meta property=\"og:type\" content=\"article\" \/>\n<meta property=\"og:title\" content=\"Endlich Sonne! - unsere Zeit auf Gran Canaria &#8211; SY-Maya.de\" \/>\n<meta property=\"og:description\" content=\"Nachdem wir Las Palmas verlassen haben waren wir zun\u00e4chst in der Marina Pasito Blanco (nicht weit vom Tourismus-Hotspot Maspalomas entfernt) und dann in Puerto de Mogan. Endlich sind wir da [&hellip;]\" \/>\n<meta property=\"og:url\" content=\"https:\/\/www.sy-maya.de\/home\/2019\/03\/28\/endlich-sonne-unsere-zeit-auf-gran-canaria\/\" \/>\n<meta property=\"og:site_name\" content=\"SY-Maya.de\" \/>\n<meta property=\"article:published_time\" content=\"2019-03-28T00:00:41+00:00\" \/>\n<meta property=\"article:modified_time\" content=\"2019-05-12T13:47:49+00:00\" \/>\n<meta name=\"author\" content=\"Tobias\" \/>\n<meta name=\"twitter:card\" content=\"summary_large_image\" \/>\n<meta name=\"twitter:label1\" content=\"Verfasst von\" \/>\n\t<meta name=\"twitter:data1\" content=\"Tobias\" \/>\n\t<meta name=\"twitter:label2\" content=\"Gesch\u00e4tzte Lesezeit\" \/>\n\t<meta name=\"twitter:data2\" content=\"1\u00a0Minute\" \/>\n<script type=\"application\/ld+json\" class=\"yoast-schema-graph\">{\"@context\":\"https:\/\/schema.org\",\"@graph\":[{\"@type\":\"Article\",\"@id\":\"https:\/\/www.sy-maya.de\/home\/2019\/03\/28\/endlich-sonne-unsere-zeit-auf-gran-canaria\/#article\",\"isPartOf\":{\"@id\":\"https:\/\/www.sy-maya.de\/home\/2019\/03\/28\/endlich-sonne-unsere-zeit-auf-gran-canaria\/\"},\"author\":{\"name\":\"Tobias\",\"@id\":\"https:\/\/www.sy-maya.de\/home\/#\/schema\/person\/c5267d9235b4e39503e75a219168c270\"},\"headline\":\"Endlich Sonne! &#8211; unsere Zeit auf Gran Canaria\",\"datePublished\":\"2019-03-28T00:00:41+00:00\",\"dateModified\":\"2019-05-12T13:47:49+00:00\",\"mainEntityOfPage\":{\"@id\":\"https:\/\/www.sy-maya.de\/home\/2019\/03\/28\/endlich-sonne-unsere-zeit-auf-gran-canaria\/\"},\"wordCount\":270,\"commentCount\":4,\"publisher\":{\"@id\":\"https:\/\/www.sy-maya.de\/home\/#\/schema\/person\/c5267d9235b4e39503e75a219168c270\"},\"articleSection\":{\"1\":\"Atlantik\"},\"inLanguage\":\"de\",\"potentialAction\":[{\"@type\":\"CommentAction\",\"name\":\"Comment\",\"target\":[\"https:\/\/www.sy-maya.de\/home\/2019\/03\/28\/endlich-sonne-unsere-zeit-auf-gran-canaria\/#respond\"]}]},{\"@type\":\"WebPage\",\"@id\":\"https:\/\/www.sy-maya.de\/home\/2019\/03\/28\/endlich-sonne-unsere-zeit-auf-gran-canaria\/\",\"url\":\"https:\/\/www.sy-maya.de\/home\/2019\/03\/28\/endlich-sonne-unsere-zeit-auf-gran-canaria\/\",\"name\":\"Endlich Sonne! - unsere Zeit auf Gran Canaria &#8211; SY-Maya.de\",\"isPartOf\":{\"@id\":\"https:\/\/www.sy-maya.de\/home\/#website\"},\"datePublished\":\"2019-03-28T00:00:41+00:00\",\"dateModified\":\"2019-05-12T13:47:49+00:00\",\"breadcrumb\":{\"@id\":\"https:\/\/www.sy-maya.de\/home\/2019\/03\/28\/endlich-sonne-unsere-zeit-auf-gran-canaria\/#breadcrumb\"},\"inLanguage\":\"de\",\"potentialAction\":[{\"@type\":\"ReadAction\",\"target\":[\"https:\/\/www.sy-maya.de\/home\/2019\/03\/28\/endlich-sonne-unsere-zeit-auf-gran-canaria\/\"]}]},{\"@type\":\"BreadcrumbList\",\"@id\":\"https:\/\/www.sy-maya.de\/home\/2019\/03\/28\/endlich-sonne-unsere-zeit-auf-gran-canaria\/#breadcrumb\",\"itemListElement\":[{\"@type\":\"ListItem\",\"position\":1,\"name\":\"Startseite\",\"item\":\"https:\/\/www.sy-maya.de\/home\/\"},{\"@type\":\"ListItem\",\"position\":2,\"name\":\"Endlich Sonne! &#8211; unsere Zeit auf Gran Canaria\"}]},{\"@type\":\"WebSite\",\"@id\":\"https:\/\/www.sy-maya.de\/home\/#website\",\"url\":\"https:\/\/www.sy-maya.de\/home\/\",\"name\":\"SY-Maya.de\",\"description\":\"Cruising and Living\",\"publisher\":{\"@id\":\"https:\/\/www.sy-maya.de\/home\/#\/schema\/person\/c5267d9235b4e39503e75a219168c270\"},\"potentialAction\":[{\"@type\":\"SearchAction\",\"target\":{\"@type\":\"EntryPoint\",\"urlTemplate\":\"https:\/\/www.sy-maya.de\/home\/?s={search_term_string}\"},\"query-input\":{\"@type\":\"PropertyValueSpecification\",\"valueRequired\":true,\"valueName\":\"search_term_string\"}}],\"inLanguage\":\"de\"},{\"@type\":[\"Person\",\"Organization\"],\"@id\":\"https:\/\/www.sy-maya.de\/home\/#\/schema\/person\/c5267d9235b4e39503e75a219168c270\",\"name\":\"Tobias\",\"image\":{\"@type\":\"ImageObject\",\"inLanguage\":\"de\",\"@id\":\"https:\/\/www.sy-maya.de\/home\/#\/schema\/person\/image\/\",\"url\":\"https:\/\/www.sy-maya.de\/home\/wp-content\/uploads\/2018\/02\/cropped-SY-Maya150x150-1.png\",\"contentUrl\":\"https:\/\/www.sy-maya.de\/home\/wp-content\/uploads\/2018\/02\/cropped-SY-Maya150x150-1.png\",\"width\":150,\"height\":150,\"caption\":\"Tobias\"},\"logo\":{\"@id\":\"https:\/\/www.sy-maya.de\/home\/#\/schema\/person\/image\/\"},\"url\":\"https:\/\/www.sy-maya.de\/home\/author\/tobias_e\/\"}]}<\/script>\n<!-- \/ Yoast SEO plugin. -->","yoast_head_json":{"title":"Endlich Sonne! - unsere Zeit auf Gran Canaria &#8211; SY-Maya.de","robots":{"index":"index","follow":"follow","max-snippet":"max-snippet:-1","max-image-preview":"max-image-preview:large","max-video-preview":"max-video-preview:-1"},"canonical":"https:\/\/www.sy-maya.de\/home\/2019\/03\/28\/endlich-sonne-unsere-zeit-auf-gran-canaria\/","og_locale":"de_DE","og_type":"article","og_title":"Endlich Sonne! - unsere Zeit auf Gran Canaria &#8211; SY-Maya.de","og_description":"Nachdem wir Las Palmas verlassen haben waren wir zun\u00e4chst in der Marina Pasito Blanco (nicht weit vom Tourismus-Hotspot Maspalomas entfernt) und dann in Puerto de Mogan. Endlich sind wir da [&hellip;]","og_url":"https:\/\/www.sy-maya.de\/home\/2019\/03\/28\/endlich-sonne-unsere-zeit-auf-gran-canaria\/","og_site_name":"SY-Maya.de","article_published_time":"2019-03-28T00:00:41+00:00","article_modified_time":"2019-05-12T13:47:49+00:00","author":"Tobias","twitter_card":"summary_large_image","twitter_misc":{"Verfasst von":"Tobias","Gesch\u00e4tzte Lesezeit":"1\u00a0Minute"},"schema":{"@context":"https:\/\/schema.org","@graph":[{"@type":"Article","@id":"https:\/\/www.sy-maya.de\/home\/2019\/03\/28\/endlich-sonne-unsere-zeit-auf-gran-canaria\/#article","isPartOf":{"@id":"https:\/\/www.sy-maya.de\/home\/2019\/03\/28\/endlich-sonne-unsere-zeit-auf-gran-canaria\/"},"author":{"name":"Tobias","@id":"https:\/\/www.sy-maya.de\/home\/#\/schema\/person\/c5267d9235b4e39503e75a219168c270"},"headline":"Endlich Sonne! &#8211; unsere Zeit auf Gran Canaria","datePublished":"2019-03-28T00:00:41+00:00","dateModified":"2019-05-12T13:47:49+00:00","mainEntityOfPage":{"@id":"https:\/\/www.sy-maya.de\/home\/2019\/03\/28\/endlich-sonne-unsere-zeit-auf-gran-canaria\/"},"wordCount":270,"commentCount":4,"publisher":{"@id":"https:\/\/www.sy-maya.de\/home\/#\/schema\/person\/c5267d9235b4e39503e75a219168c270"},"articleSection":{"1":"Atlantik"},"inLanguage":"de","potentialAction":[{"@type":"CommentAction","name":"Comment","target":["https:\/\/www.sy-maya.de\/home\/2019\/03\/28\/endlich-sonne-unsere-zeit-auf-gran-canaria\/#respond"]}]},{"@type":"WebPage","@id":"https:\/\/www.sy-maya.de\/home\/2019\/03\/28\/endlich-sonne-unsere-zeit-auf-gran-canaria\/","url":"https:\/\/www.sy-maya.de\/home\/2019\/03\/28\/endlich-sonne-unsere-zeit-auf-gran-canaria\/","name":"Endlich Sonne! - unsere Zeit auf Gran Canaria &#8211; SY-Maya.de","isPartOf":{"@id":"https:\/\/www.sy-maya.de\/home\/#website"},"datePublished":"2019-03-28T00:00:41+00:00","dateModified":"2019-05-12T13:47:49+00:00","breadcrumb":{"@id":"https:\/\/www.sy-maya.de\/home\/2019\/03\/28\/endlich-sonne-unsere-zeit-auf-gran-canaria\/#breadcrumb"},"inLanguage":"de","potentialAction":[{"@type":"ReadAction","target":["https:\/\/www.sy-maya.de\/home\/2019\/03\/28\/endlich-sonne-unsere-zeit-auf-gran-canaria\/"]}]},{"@type":"BreadcrumbList","@id":"https:\/\/www.sy-maya.de\/home\/2019\/03\/28\/endlich-sonne-unsere-zeit-auf-gran-canaria\/#breadcrumb","itemListElement":[{"@type":"ListItem","position":1,"name":"Startseite","item":"https:\/\/www.sy-maya.de\/home\/"},{"@type":"ListItem","position":2,"name":"Endlich Sonne! &#8211; unsere Zeit auf Gran Canaria"}]},{"@type":"WebSite","@id":"https:\/\/www.sy-maya.de\/home\/#website","url":"https:\/\/www.sy-maya.de\/home\/","name":"SY-Maya.de","description":"Cruising and Living","publisher":{"@id":"https:\/\/www.sy-maya.de\/home\/#\/schema\/person\/c5267d9235b4e39503e75a219168c270"},"potentialAction":[{"@type":"SearchAction","target":{"@type":"EntryPoint","urlTemplate":"https:\/\/www.sy-maya.de\/home\/?s={search_term_string}"},"query-input":{"@type":"PropertyValueSpecification","valueRequired":true,"valueName":"search_term_string"}}],"inLanguage":"de"},{"@type":["Person","Organization"],"@id":"https:\/\/www.sy-maya.de\/home\/#\/schema\/person\/c5267d9235b4e39503e75a219168c270","name":"Tobias","image":{"@type":"ImageObject","inLanguage":"de","@id":"https:\/\/www.sy-maya.de\/home\/#\/schema\/person\/image\/","url":"https:\/\/www.sy-maya.de\/home\/wp-content\/uploads\/2018\/02\/cropped-SY-Maya150x150-1.png","contentUrl":"https:\/\/www.sy-maya.de\/home\/wp-content\/uploads\/2018\/02\/cropped-SY-Maya150x150-1.png","width":150,"height":150,"caption":"Tobias"},"logo":{"@id":"https:\/\/www.sy-maya.de\/home\/#\/schema\/person\/image\/"},"url":"https:\/\/www.sy-maya.de\/home\/author\/tobias_e\/"}]}},"_links":{"self":[{"href":"https:\/\/www.sy-maya.de\/home\/wp-json\/wp\/v2\/posts\/1117"}],"collection":[{"href":"https:\/\/www.sy-maya.de\/home\/wp-json\/wp\/v2\/posts"}],"about":[{"href":"https:\/\/www.sy-maya.de\/home\/wp-json\/wp\/v2\/types\/post"}],"author":[{"embeddable":true,"href":"https:\/\/www.sy-maya.de\/home\/wp-json\/wp\/v2\/users\/3"}],"replies":[{"embeddable":true,"href":"https:\/\/www.sy-maya.de\/home\/wp-json\/wp\/v2\/comments?post=1117"}],"version-history":[{"count":8,"href":"https:\/\/www.sy-maya.de\/home\/wp-json\/wp\/v2\/posts\/1117\/revisions"}],"predecessor-version":[{"id":1142,"href":"https:\/\/www.sy-maya.de\/home\/wp-json\/wp\/v2\/posts\/1117\/revisions\/1142"}],"wp:attachment":[{"href":"https:\/\/www.sy-maya.de\/home\/wp-json\/wp\/v2\/media?parent=1117"}],"wp:term":[{"taxonomy":"category","embeddable":true,"href":"https:\/\/www.sy-maya.de\/home\/wp-json\/wp\/v2\/categories?post=1117"},{"taxonomy":"post_tag","embeddable":true,"href":"https:\/\/www.sy-maya.de\/home\/wp-json\/wp\/v2\/tags?post=1117"}],"curies":[{"name":"wp","href":"https:\/\/api.w.org\/{rel}","templated":true}]}}