{"id":1145,"date":"2019-04-05T09:32:06","date_gmt":"2019-04-05T07:32:06","guid":{"rendered":"https:\/\/www.sy-maya.de\/home\/?p=1145"},"modified":"2019-04-24T15:03:37","modified_gmt":"2019-04-24T13:03:37","slug":"so-viel-blau-gran-canaria-nach-cabo-verde","status":"publish","type":"post","link":"https:\/\/www.sy-maya.de\/home\/2019\/04\/05\/so-viel-blau-gran-canaria-nach-cabo-verde\/","title":{"rendered":"So viel blau&#8230; Gran Canaria nach Cabo Verde"},"content":{"rendered":"\n<p>Blau&#8230; Vor\nuns nichts als blau. Ein tolles Gef\u00fchl!<\/p>\n\n\n\n<p>Allerdings\ngibt es kaum Wind. Wir m\u00fcssen motoren und fahren entsprechend des Ratschlags\nvon unserem Wetterrouting erstmal in s\u00fcdliche Richtung, entlang der afrikanischen\nK\u00fcste. Da gibt es allerdings viel Schiffsverkehr und auch Netze von Fischern. Nachts\nkommt sogar ein kleines Boot auf uns zu, leuchtet mit einem Scheinwerfer und\nversucht uns zum Stoppen zu bringen. Es kommt uns erst entgegen, f\u00e4hrt dann\ndirekt neben uns, ruft etwas kaum Verst\u00e4ndliches und verschwindet dann ganz\npl\u00f6tzlich wieder. Ich bin immer noch nicht sicher, was die von uns wollten.\nVielleicht einfach Fisch verkaufen?<\/p>\n\n\n\n<p>Am 2. Tag fahren wir immer noch entlang der afrikanischen K\u00fcste. Wenigstens bekommen wir nachmittags etwas Wind. Damit k\u00f6nnen wir schon etwas segeln. Am 3. Tag beschlie\u00dfen wir etwas weiter weg von der afrikanischen K\u00fcste zu gehen, um dem Verkehr aus dem Weg zu gehen. und direkteren Kurs anzulegen. Zun\u00e4chst sieht das nach einer guten Idee aus. Wir werden aber sp\u00e4ter merken, dass wir damit vermutlich tiefer in ein windschwaches Gebiet gefahren sind (und wieder motoren mussten). Denn am 4. Tag ist wieder kaum segeln m\u00f6glich. Bei Schwachwind schlagen die Segel bei jeder Welle. Dies bekommt dem Material nicht gut. Die Halterung einer Segellatte von unserem Gro\u00dfsegel ist beispielsweise durchgescheuert.<\/p>\n\n\n<p>\r\n\t\t\t\t\t\n\r\n\t\t\t\t\t<!-- START UNITE GALLERY 1.7.62 -->\r\n\t\t\t\t\t\r\n\t\t\t\t\n\t\t\t<div id='unitegallery_30_1' class='unite-gallery' style='margin:0px auto;'>\n\t\t\t\t\n\n\t\t\t\t\t\t<img alt=\"OLYMPUS DIGITAL CAMERA\"\n\t\t\t\t\t\t     src=\"\" data-image=\"https:\/\/www.sy-maya.de\/home\/wp-content\/uploads\/2019\/04\/P3285232.jpg\"\n\t\t\t\t\t\t     data-thumb=\"https:\/\/www.sy-maya.de\/home\/wp-content\/uploads\/2019\/04\/P3285232-300x200.jpg\"\n\t\t\t\t\t\t     title=\"\"\n\t\t\t\t\t\t     style=\"display:none\">\n\n\t\t\t\t\t\t<img alt=\"OLYMPUS DIGITAL CAMERA\"\n\t\t\t\t\t\t     src=\"\" data-image=\"https:\/\/www.sy-maya.de\/home\/wp-content\/uploads\/2019\/04\/P3285238.jpg\"\n\t\t\t\t\t\t     data-thumb=\"https:\/\/www.sy-maya.de\/home\/wp-content\/uploads\/2019\/04\/P3285238-300x200.jpg\"\n\t\t\t\t\t\t     title=\"\"\n\t\t\t\t\t\t     style=\"display:none\">\n\n\t\t\t\t\t\t<img alt=\"OLYMPUS DIGITAL CAMERA\"\n\t\t\t\t\t\t     src=\"\" data-image=\"https:\/\/www.sy-maya.de\/home\/wp-content\/uploads\/2019\/04\/P3285242.jpg\"\n\t\t\t\t\t\t     data-thumb=\"https:\/\/www.sy-maya.de\/home\/wp-content\/uploads\/2019\/04\/P3285242-300x200.jpg\"\n\t\t\t\t\t\t     title=\"\"\n\t\t\t\t\t\t     style=\"display:none\">\n\n\t\t\t\t\t\t<img alt=\"OLYMPUS DIGITAL CAMERA\"\n\t\t\t\t\t\t     src=\"\" data-image=\"https:\/\/www.sy-maya.de\/home\/wp-content\/uploads\/2019\/04\/P3295251.jpg\"\n\t\t\t\t\t\t     data-thumb=\"https:\/\/www.sy-maya.de\/home\/wp-content\/uploads\/2019\/04\/P3295251-300x200.jpg\"\n\t\t\t\t\t\t     title=\"\"\n\t\t\t\t\t\t     style=\"display:none\">\n\n\t\t\t\t\t\t<img alt=\"OLYMPUS DIGITAL CAMERA\"\n\t\t\t\t\t\t     src=\"\" data-image=\"https:\/\/www.sy-maya.de\/home\/wp-content\/uploads\/2019\/04\/P3295283.jpg\"\n\t\t\t\t\t\t     data-thumb=\"https:\/\/www.sy-maya.de\/home\/wp-content\/uploads\/2019\/04\/P3295283-300x200.jpg\"\n\t\t\t\t\t\t     title=\"\"\n\t\t\t\t\t\t     style=\"display:none\">\n\n\t\t\t\t\t\t<img alt=\"OLYMPUS DIGITAL CAMERA\"\n\t\t\t\t\t\t     src=\"\" data-image=\"https:\/\/www.sy-maya.de\/home\/wp-content\/uploads\/2019\/04\/P3305327.jpg\"\n\t\t\t\t\t\t     data-thumb=\"https:\/\/www.sy-maya.de\/home\/wp-content\/uploads\/2019\/04\/P3305327-300x200.jpg\"\n\t\t\t\t\t\t     title=\"\"\n\t\t\t\t\t\t     style=\"display:none\">\n\n\t\t\t\t\t\t<img alt=\"OLYMPUS DIGITAL CAMERA\"\n\t\t\t\t\t\t     src=\"\" data-image=\"https:\/\/www.sy-maya.de\/home\/wp-content\/uploads\/2019\/04\/P3315344.jpg\"\n\t\t\t\t\t\t     data-thumb=\"https:\/\/www.sy-maya.de\/home\/wp-content\/uploads\/2019\/04\/P3315344-300x200.jpg\"\n\t\t\t\t\t\t     title=\"\"\n\t\t\t\t\t\t     style=\"display:none\">\n\n\t\t\t\t\t\t<img alt=\"OLYMPUS DIGITAL CAMERA\"\n\t\t\t\t\t\t     src=\"\" data-image=\"https:\/\/www.sy-maya.de\/home\/wp-content\/uploads\/2019\/04\/P3315376.jpg\"\n\t\t\t\t\t\t     data-thumb=\"https:\/\/www.sy-maya.de\/home\/wp-content\/uploads\/2019\/04\/P3315376-300x200.jpg\"\n\t\t\t\t\t\t     title=\"\"\n\t\t\t\t\t\t     style=\"display:none\">\n\n\t\t\t\t\t\t<img alt=\"OLYMPUS DIGITAL CAMERA\"\n\t\t\t\t\t\t     src=\"\" data-image=\"https:\/\/www.sy-maya.de\/home\/wp-content\/uploads\/2019\/04\/P3315408.jpg\"\n\t\t\t\t\t\t     data-thumb=\"https:\/\/www.sy-maya.de\/home\/wp-content\/uploads\/2019\/04\/P3315408-300x200.jpg\"\n\t\t\t\t\t\t     title=\"\"\n\t\t\t\t\t\t     style=\"display:none\">\n\n\t\t\t\t\t\t<img alt=\"OLYMPUS DIGITAL CAMERA\"\n\t\t\t\t\t\t     src=\"\" data-image=\"https:\/\/www.sy-maya.de\/home\/wp-content\/uploads\/2019\/04\/P3315447-e1556096983579.jpg\"\n\t\t\t\t\t\t     data-thumb=\"https:\/\/www.sy-maya.de\/home\/wp-content\/uploads\/2019\/04\/P3315447-e1556096983579-200x300.jpg\"\n\t\t\t\t\t\t     title=\"\"\n\t\t\t\t\t\t     style=\"display:none\">\n\t\t\t<\/div>\n\n\t\t\t<script type='text\/javascript'>\n\t\t\t\twindow.onload = function(e) {\n\t\t\t\t\tif(typeof ugCheckForErrors == \"undefined\"){\n\t\t\t\t\t\tdocument.getElementById(\"unitegallery_30_1\").innerHTML = \"<span style='color:red'>Unite Gallery Error - gallery js and css files not included in the footer. Please make sure that wp_footer() function is added to your theme.<\/span>\";}\n\t\t\t\t\telse{ ugCheckForErrors(\"unitegallery_30_1\", \"jquery\");}\n\t\t\t\t};\n\t\t\t<\/script>\n\n\t\t\t<!-- END UNITEGALLERY --><\/p>\n\n\n\n<p>Endlich\n(am 5. Tag) kommt der Wind wieder (aber noch nicht der Passat). Trotz Iridium,\nGrib-Files und Wetterrouting f\u00fchlt es sich die Suche dem Passatwind ein wenig\nnach &#8222;Kolumbus&#8220; an. Wann wird der Wind wohl endlich einsetzen? Die\nregelm\u00e4\u00dfigen Besuche von Delfinen, viele Sternschnuppen und leuchtendes Wasser\nhaben f\u00fcr Unterhaltung w\u00e4hrend der Reise gesorgt. Und wir fragen uns, ob auch Kolumbus\nauf seinen Reisen daran so viel Freude hatte?<\/p>\n\n\n\n<p>Seit dieser Nacht hatten wir auch einen Begleiter. Es gab ein Segelboot mit gleichem Kurs in unserer N\u00e4he. Wir werden die drei Argentinier von diesem Boot (Mandragore) sp\u00e4ter in der Marina Mindelo treffen. Sie wollen auch den Atlantik \u00fcberqueren und am gleichen Tag wie wir werden sie wieder die Kapverden verlassen. Erst zum Ende des T\u00f6rns gibt es mehr oder weniger stabile Winde. Wenn auch nicht so wie man es vom Passat erwartet. Wir fahren einen &#8222;am Wind Kurs&#8220; und kommen damit aber gut und bequem voran. M\u00fcssen allerdings die Windfahne h\u00e4ufig nachjustieren, weil die Windrichtung nicht stabil ist.<\/p>\n\n\n<p>\r\n\t\t\t\t\t\n\r\n\t\t\t\t\t<!-- START UNITE GALLERY 1.7.62 -->\r\n\t\t\t\t\t\r\n\t\t\t\t\n\t\t\t<div id='unitegallery_31_2' class='unite-gallery' style='margin:0px auto;'>\n\t\t\t\t\n\n\t\t\t\t\t\t<img alt=\"OLYMPUS DIGITAL CAMERA\"\n\t\t\t\t\t\t     src=\"\" data-image=\"https:\/\/www.sy-maya.de\/home\/wp-content\/uploads\/2019\/04\/P3305299.jpg\"\n\t\t\t\t\t\t     data-thumb=\"https:\/\/www.sy-maya.de\/home\/wp-content\/uploads\/2019\/04\/P3305299-300x200.jpg\"\n\t\t\t\t\t\t     title=\"\"\n\t\t\t\t\t\t     style=\"display:none\">\n\n\t\t\t\t\t\t<img alt=\"OLYMPUS DIGITAL CAMERA\"\n\t\t\t\t\t\t     src=\"\" data-image=\"https:\/\/www.sy-maya.de\/home\/wp-content\/uploads\/2019\/04\/P3315452.jpg\"\n\t\t\t\t\t\t     data-thumb=\"https:\/\/www.sy-maya.de\/home\/wp-content\/uploads\/2019\/04\/P3315452-300x200.jpg\"\n\t\t\t\t\t\t     title=\"\"\n\t\t\t\t\t\t     style=\"display:none\">\n\n\t\t\t\t\t\t<img alt=\"OLYMPUS DIGITAL CAMERA\"\n\t\t\t\t\t\t     src=\"\" data-image=\"https:\/\/www.sy-maya.de\/home\/wp-content\/uploads\/2019\/04\/P4035541.jpg\"\n\t\t\t\t\t\t     data-thumb=\"https:\/\/www.sy-maya.de\/home\/wp-content\/uploads\/2019\/04\/P4035541-300x200.jpg\"\n\t\t\t\t\t\t     title=\"\"\n\t\t\t\t\t\t     style=\"display:none\">\n\n\t\t\t\t\t\t<img alt=\"OLYMPUS DIGITAL CAMERA\"\n\t\t\t\t\t\t     src=\"\" data-image=\"https:\/\/www.sy-maya.de\/home\/wp-content\/uploads\/2019\/04\/P4035554.jpg\"\n\t\t\t\t\t\t     data-thumb=\"https:\/\/www.sy-maya.de\/home\/wp-content\/uploads\/2019\/04\/P4035554-300x200.jpg\"\n\t\t\t\t\t\t     title=\"\"\n\t\t\t\t\t\t     style=\"display:none\">\n\n\t\t\t\t\t\t<img alt=\"OLYMPUS DIGITAL CAMERA\"\n\t\t\t\t\t\t     src=\"\" data-image=\"https:\/\/www.sy-maya.de\/home\/wp-content\/uploads\/2019\/04\/P4035569.jpg\"\n\t\t\t\t\t\t     data-thumb=\"https:\/\/www.sy-maya.de\/home\/wp-content\/uploads\/2019\/04\/P4035569-300x200.jpg\"\n\t\t\t\t\t\t     title=\"\"\n\t\t\t\t\t\t     style=\"display:none\">\n\n\t\t\t\t\t\t<img alt=\"OLYMPUS DIGITAL CAMERA\"\n\t\t\t\t\t\t     src=\"\" data-image=\"https:\/\/www.sy-maya.de\/home\/wp-content\/uploads\/2019\/04\/P4035582.jpg\"\n\t\t\t\t\t\t     data-thumb=\"https:\/\/www.sy-maya.de\/home\/wp-content\/uploads\/2019\/04\/P4035582-300x200.jpg\"\n\t\t\t\t\t\t     title=\"\"\n\t\t\t\t\t\t     style=\"display:none\">\n\n\t\t\t\t\t\t<img alt=\"Segel\"\n\t\t\t\t\t\t     src=\"\" data-image=\"https:\/\/www.sy-maya.de\/home\/wp-content\/uploads\/2019\/04\/P4045613-e1556096955879.jpg\"\n\t\t\t\t\t\t     data-thumb=\"https:\/\/www.sy-maya.de\/home\/wp-content\/uploads\/2019\/04\/P4045613-e1556096955879-200x300.jpg\"\n\t\t\t\t\t\t     title=\"\"\n\t\t\t\t\t\t     style=\"display:none\">\n\n\t\t\t\t\t\t<img alt=\"OLYMPUS DIGITAL CAMERA\"\n\t\t\t\t\t\t     src=\"\" data-image=\"https:\/\/www.sy-maya.de\/home\/wp-content\/uploads\/2019\/04\/P4055656.jpg\"\n\t\t\t\t\t\t     data-thumb=\"https:\/\/www.sy-maya.de\/home\/wp-content\/uploads\/2019\/04\/P4055656-300x200.jpg\"\n\t\t\t\t\t\t     title=\"\"\n\t\t\t\t\t\t     style=\"display:none\">\n\n\t\t\t\t\t\t<img alt=\"OLYMPUS DIGITAL CAMERA\"\n\t\t\t\t\t\t     src=\"\" data-image=\"https:\/\/www.sy-maya.de\/home\/wp-content\/uploads\/2019\/04\/P4055685.jpg\"\n\t\t\t\t\t\t     data-thumb=\"https:\/\/www.sy-maya.de\/home\/wp-content\/uploads\/2019\/04\/P4055685-300x200.jpg\"\n\t\t\t\t\t\t     title=\"\"\n\t\t\t\t\t\t     style=\"display:none\">\n\n\t\t\t\t\t\t<img alt=\"OLYMPUS DIGITAL CAMERA\"\n\t\t\t\t\t\t     src=\"\" data-image=\"https:\/\/www.sy-maya.de\/home\/wp-content\/uploads\/2019\/04\/P4055701.jpg\"\n\t\t\t\t\t\t     data-thumb=\"https:\/\/www.sy-maya.de\/home\/wp-content\/uploads\/2019\/04\/P4055701-300x200.jpg\"\n\t\t\t\t\t\t     title=\"\"\n\t\t\t\t\t\t     style=\"display:none\">\n\n\t\t\t\t\t\t<img alt=\"OLYMPUS DIGITAL CAMERA\"\n\t\t\t\t\t\t     src=\"\" data-image=\"https:\/\/www.sy-maya.de\/home\/wp-content\/uploads\/2019\/04\/P4055718.jpg\"\n\t\t\t\t\t\t     data-thumb=\"https:\/\/www.sy-maya.de\/home\/wp-content\/uploads\/2019\/04\/P4055718-300x200.jpg\"\n\t\t\t\t\t\t     title=\"\"\n\t\t\t\t\t\t     style=\"display:none\">\n\t\t\t<\/div>\n\n\n\t\t\t<!-- END UNITEGALLERY --><\/p>\n\n\n\n<p>Wir hatten dann auch mit\ndem Meteorologen eine weitere telefonische T\u00f6rnberatung in Anspruch genommen.\nDer Wind soll jetzt stabil bleiben und wird in zwei Tagen sogar noch zunehmen\n(auf ca. 20 Knoten mit B\u00f6en bis zu 25 Knoten). F\u00fcr den Atlantik gibt es also\n&#8222;gr\u00fcnes Licht&#8220;. Wir wollen trotzdem einen kurzen Aufenthalt auf den\nKapverdischen Inseln machen &#8211; wann kommt man hier schon mal hin?<\/p>\n\n\n\n<p>Am letzten Segeltag gab es wieder\/ immernoch eher leichte Winde. Eine gute\nGelegenheit, um endlich unseren asymmetrischen Spinnaker (=ein gro\u00dfes\nrot\/wei\u00dfes Leichtwindsegel) zu testen. Der kompetitive Aspekt &#8211; immerhin gibt\nes ja noch das andere Boot in unserer N\u00e4he &#8211; spielt vielleicht auch bei unserem\nEhrgeiz das Segel zu benutzen eine Rolle.<\/p>\n\n\n\n<p>In\nder Nacht kommen wir in die N\u00e4he der Kapverdischen Insel S\u00e3o Vicente. Zwischen\nden Inseln S\u00e3o Vicente und Santo Antao) gibt es einen \u201eD\u00fcseneffekt\u201c und der\nWind nimmt deutlich zu. Da wir nicht bei Dunkelheit in den unbekannten Hafen\neinlaufen wollen haben wir die Segelfl\u00e4che bis auf ein &#8222;handtuchgro\u00dfes&#8220;\nSt\u00fcck Genua weggenommen. Trotzdem sind wir noch so flott unterwegs, dass wir\nvor dem Hafen noch eine kleine Runde drehen m\u00fcssen, um dann p\u00fcnktlich mit der\nMorgend\u00e4mmerung einzulaufen. <\/p>\n\n\n\n<p>Insgesamt haben wir in 7 1\/2 Tagen rund 900 Seemeilen zur\u00fcckgelegt.<\/p>\n","protected":false},"excerpt":{"rendered":"<p>Blau&#8230; Vor uns nichts als blau. Ein tolles Gef\u00fchl! Allerdings gibt es kaum Wind. Wir m\u00fcssen motoren und fahren entsprechend des Ratschlags von unserem Wetterrouting erstmal in s\u00fcdliche Richtung, entlang [&hellip;]<\/p>\n","protected":false},"author":3,"featured_media":0,"comment_status":"open","ping_status":"open","sticky":false,"template":"","format":"standard","meta":{"_exactmetrics_skip_tracking":false,"_exactmetrics_sitenote_active":false,"_exactmetrics_sitenote_note":"","_exactmetrics_sitenote_category":0,"footnotes":""},"categories":[1,140,155],"tags":[],"yoast_head":"<!-- This site is optimized with the Yoast SEO plugin v23.5 - https:\/\/yoast.com\/wordpress\/plugins\/seo\/ -->\n<title>So viel blau... Gran Canaria nach Cabo Verde &#8211; SY-Maya.de<\/title>\n<meta name=\"robots\" content=\"index, follow, max-snippet:-1, max-image-preview:large, max-video-preview:-1\" \/>\n<link rel=\"canonical\" href=\"https:\/\/www.sy-maya.de\/home\/2019\/04\/05\/so-viel-blau-gran-canaria-nach-cabo-verde\/\" \/>\n<meta property=\"og:locale\" content=\"de_DE\" \/>\n<meta property=\"og:type\" content=\"article\" \/>\n<meta property=\"og:title\" content=\"So viel blau... Gran Canaria nach Cabo Verde &#8211; SY-Maya.de\" \/>\n<meta property=\"og:description\" content=\"Blau&#8230; Vor uns nichts als blau. Ein tolles Gef\u00fchl! Allerdings gibt es kaum Wind. Wir m\u00fcssen motoren und fahren entsprechend des Ratschlags von unserem Wetterrouting erstmal in s\u00fcdliche Richtung, entlang [&hellip;]\" \/>\n<meta property=\"og:url\" content=\"https:\/\/www.sy-maya.de\/home\/2019\/04\/05\/so-viel-blau-gran-canaria-nach-cabo-verde\/\" \/>\n<meta property=\"og:site_name\" content=\"SY-Maya.de\" \/>\n<meta property=\"article:published_time\" content=\"2019-04-05T07:32:06+00:00\" \/>\n<meta property=\"article:modified_time\" content=\"2019-04-24T13:03:37+00:00\" \/>\n<meta name=\"author\" content=\"Tobias\" \/>\n<meta name=\"twitter:card\" content=\"summary_large_image\" \/>\n<meta name=\"twitter:label1\" content=\"Verfasst von\" \/>\n\t<meta name=\"twitter:data1\" content=\"Tobias\" \/>\n\t<meta name=\"twitter:label2\" content=\"Gesch\u00e4tzte Lesezeit\" \/>\n\t<meta name=\"twitter:data2\" content=\"3\u00a0Minuten\" \/>\n<script type=\"application\/ld+json\" class=\"yoast-schema-graph\">{\"@context\":\"https:\/\/schema.org\",\"@graph\":[{\"@type\":\"Article\",\"@id\":\"https:\/\/www.sy-maya.de\/home\/2019\/04\/05\/so-viel-blau-gran-canaria-nach-cabo-verde\/#article\",\"isPartOf\":{\"@id\":\"https:\/\/www.sy-maya.de\/home\/2019\/04\/05\/so-viel-blau-gran-canaria-nach-cabo-verde\/\"},\"author\":{\"name\":\"Tobias\",\"@id\":\"https:\/\/www.sy-maya.de\/home\/#\/schema\/person\/c5267d9235b4e39503e75a219168c270\"},\"headline\":\"So viel blau&#8230; Gran Canaria nach Cabo Verde\",\"datePublished\":\"2019-04-05T07:32:06+00:00\",\"dateModified\":\"2019-04-24T13:03:37+00:00\",\"mainEntityOfPage\":{\"@id\":\"https:\/\/www.sy-maya.de\/home\/2019\/04\/05\/so-viel-blau-gran-canaria-nach-cabo-verde\/\"},\"wordCount\":635,\"commentCount\":3,\"publisher\":{\"@id\":\"https:\/\/www.sy-maya.de\/home\/#\/schema\/person\/c5267d9235b4e39503e75a219168c270\"},\"articleSection\":{\"1\":\"Atlantik\",\"2\":\"Europa\"},\"inLanguage\":\"de\",\"potentialAction\":[{\"@type\":\"CommentAction\",\"name\":\"Comment\",\"target\":[\"https:\/\/www.sy-maya.de\/home\/2019\/04\/05\/so-viel-blau-gran-canaria-nach-cabo-verde\/#respond\"]}]},{\"@type\":\"WebPage\",\"@id\":\"https:\/\/www.sy-maya.de\/home\/2019\/04\/05\/so-viel-blau-gran-canaria-nach-cabo-verde\/\",\"url\":\"https:\/\/www.sy-maya.de\/home\/2019\/04\/05\/so-viel-blau-gran-canaria-nach-cabo-verde\/\",\"name\":\"So viel blau... Gran Canaria nach Cabo Verde &#8211; SY-Maya.de\",\"isPartOf\":{\"@id\":\"https:\/\/www.sy-maya.de\/home\/#website\"},\"datePublished\":\"2019-04-05T07:32:06+00:00\",\"dateModified\":\"2019-04-24T13:03:37+00:00\",\"breadcrumb\":{\"@id\":\"https:\/\/www.sy-maya.de\/home\/2019\/04\/05\/so-viel-blau-gran-canaria-nach-cabo-verde\/#breadcrumb\"},\"inLanguage\":\"de\",\"potentialAction\":[{\"@type\":\"ReadAction\",\"target\":[\"https:\/\/www.sy-maya.de\/home\/2019\/04\/05\/so-viel-blau-gran-canaria-nach-cabo-verde\/\"]}]},{\"@type\":\"BreadcrumbList\",\"@id\":\"https:\/\/www.sy-maya.de\/home\/2019\/04\/05\/so-viel-blau-gran-canaria-nach-cabo-verde\/#breadcrumb\",\"itemListElement\":[{\"@type\":\"ListItem\",\"position\":1,\"name\":\"Startseite\",\"item\":\"https:\/\/www.sy-maya.de\/home\/\"},{\"@type\":\"ListItem\",\"position\":2,\"name\":\"So viel blau&#8230; Gran Canaria nach Cabo Verde\"}]},{\"@type\":\"WebSite\",\"@id\":\"https:\/\/www.sy-maya.de\/home\/#website\",\"url\":\"https:\/\/www.sy-maya.de\/home\/\",\"name\":\"SY-Maya.de\",\"description\":\"Cruising and Living\",\"publisher\":{\"@id\":\"https:\/\/www.sy-maya.de\/home\/#\/schema\/person\/c5267d9235b4e39503e75a219168c270\"},\"potentialAction\":[{\"@type\":\"SearchAction\",\"target\":{\"@type\":\"EntryPoint\",\"urlTemplate\":\"https:\/\/www.sy-maya.de\/home\/?s={search_term_string}\"},\"query-input\":{\"@type\":\"PropertyValueSpecification\",\"valueRequired\":true,\"valueName\":\"search_term_string\"}}],\"inLanguage\":\"de\"},{\"@type\":[\"Person\",\"Organization\"],\"@id\":\"https:\/\/www.sy-maya.de\/home\/#\/schema\/person\/c5267d9235b4e39503e75a219168c270\",\"name\":\"Tobias\",\"image\":{\"@type\":\"ImageObject\",\"inLanguage\":\"de\",\"@id\":\"https:\/\/www.sy-maya.de\/home\/#\/schema\/person\/image\/\",\"url\":\"https:\/\/www.sy-maya.de\/home\/wp-content\/uploads\/2018\/02\/cropped-SY-Maya150x150-1.png\",\"contentUrl\":\"https:\/\/www.sy-maya.de\/home\/wp-content\/uploads\/2018\/02\/cropped-SY-Maya150x150-1.png\",\"width\":150,\"height\":150,\"caption\":\"Tobias\"},\"logo\":{\"@id\":\"https:\/\/www.sy-maya.de\/home\/#\/schema\/person\/image\/\"},\"url\":\"https:\/\/www.sy-maya.de\/home\/author\/tobias_e\/\"}]}<\/script>\n<!-- \/ Yoast SEO plugin. -->","yoast_head_json":{"title":"So viel blau... Gran Canaria nach Cabo Verde &#8211; SY-Maya.de","robots":{"index":"index","follow":"follow","max-snippet":"max-snippet:-1","max-image-preview":"max-image-preview:large","max-video-preview":"max-video-preview:-1"},"canonical":"https:\/\/www.sy-maya.de\/home\/2019\/04\/05\/so-viel-blau-gran-canaria-nach-cabo-verde\/","og_locale":"de_DE","og_type":"article","og_title":"So viel blau... Gran Canaria nach Cabo Verde &#8211; SY-Maya.de","og_description":"Blau&#8230; Vor uns nichts als blau. Ein tolles Gef\u00fchl! Allerdings gibt es kaum Wind. Wir m\u00fcssen motoren und fahren entsprechend des Ratschlags von unserem Wetterrouting erstmal in s\u00fcdliche Richtung, entlang [&hellip;]","og_url":"https:\/\/www.sy-maya.de\/home\/2019\/04\/05\/so-viel-blau-gran-canaria-nach-cabo-verde\/","og_site_name":"SY-Maya.de","article_published_time":"2019-04-05T07:32:06+00:00","article_modified_time":"2019-04-24T13:03:37+00:00","author":"Tobias","twitter_card":"summary_large_image","twitter_misc":{"Verfasst von":"Tobias","Gesch\u00e4tzte Lesezeit":"3\u00a0Minuten"},"schema":{"@context":"https:\/\/schema.org","@graph":[{"@type":"Article","@id":"https:\/\/www.sy-maya.de\/home\/2019\/04\/05\/so-viel-blau-gran-canaria-nach-cabo-verde\/#article","isPartOf":{"@id":"https:\/\/www.sy-maya.de\/home\/2019\/04\/05\/so-viel-blau-gran-canaria-nach-cabo-verde\/"},"author":{"name":"Tobias","@id":"https:\/\/www.sy-maya.de\/home\/#\/schema\/person\/c5267d9235b4e39503e75a219168c270"},"headline":"So viel blau&#8230; Gran Canaria nach Cabo Verde","datePublished":"2019-04-05T07:32:06+00:00","dateModified":"2019-04-24T13:03:37+00:00","mainEntityOfPage":{"@id":"https:\/\/www.sy-maya.de\/home\/2019\/04\/05\/so-viel-blau-gran-canaria-nach-cabo-verde\/"},"wordCount":635,"commentCount":3,"publisher":{"@id":"https:\/\/www.sy-maya.de\/home\/#\/schema\/person\/c5267d9235b4e39503e75a219168c270"},"articleSection":{"1":"Atlantik","2":"Europa"},"inLanguage":"de","potentialAction":[{"@type":"CommentAction","name":"Comment","target":["https:\/\/www.sy-maya.de\/home\/2019\/04\/05\/so-viel-blau-gran-canaria-nach-cabo-verde\/#respond"]}]},{"@type":"WebPage","@id":"https:\/\/www.sy-maya.de\/home\/2019\/04\/05\/so-viel-blau-gran-canaria-nach-cabo-verde\/","url":"https:\/\/www.sy-maya.de\/home\/2019\/04\/05\/so-viel-blau-gran-canaria-nach-cabo-verde\/","name":"So viel blau... Gran Canaria nach Cabo Verde &#8211; SY-Maya.de","isPartOf":{"@id":"https:\/\/www.sy-maya.de\/home\/#website"},"datePublished":"2019-04-05T07:32:06+00:00","dateModified":"2019-04-24T13:03:37+00:00","breadcrumb":{"@id":"https:\/\/www.sy-maya.de\/home\/2019\/04\/05\/so-viel-blau-gran-canaria-nach-cabo-verde\/#breadcrumb"},"inLanguage":"de","potentialAction":[{"@type":"ReadAction","target":["https:\/\/www.sy-maya.de\/home\/2019\/04\/05\/so-viel-blau-gran-canaria-nach-cabo-verde\/"]}]},{"@type":"BreadcrumbList","@id":"https:\/\/www.sy-maya.de\/home\/2019\/04\/05\/so-viel-blau-gran-canaria-nach-cabo-verde\/#breadcrumb","itemListElement":[{"@type":"ListItem","position":1,"name":"Startseite","item":"https:\/\/www.sy-maya.de\/home\/"},{"@type":"ListItem","position":2,"name":"So viel blau&#8230; Gran Canaria nach Cabo Verde"}]},{"@type":"WebSite","@id":"https:\/\/www.sy-maya.de\/home\/#website","url":"https:\/\/www.sy-maya.de\/home\/","name":"SY-Maya.de","description":"Cruising and Living","publisher":{"@id":"https:\/\/www.sy-maya.de\/home\/#\/schema\/person\/c5267d9235b4e39503e75a219168c270"},"potentialAction":[{"@type":"SearchAction","target":{"@type":"EntryPoint","urlTemplate":"https:\/\/www.sy-maya.de\/home\/?s={search_term_string}"},"query-input":{"@type":"PropertyValueSpecification","valueRequired":true,"valueName":"search_term_string"}}],"inLanguage":"de"},{"@type":["Person","Organization"],"@id":"https:\/\/www.sy-maya.de\/home\/#\/schema\/person\/c5267d9235b4e39503e75a219168c270","name":"Tobias","image":{"@type":"ImageObject","inLanguage":"de","@id":"https:\/\/www.sy-maya.de\/home\/#\/schema\/person\/image\/","url":"https:\/\/www.sy-maya.de\/home\/wp-content\/uploads\/2018\/02\/cropped-SY-Maya150x150-1.png","contentUrl":"https:\/\/www.sy-maya.de\/home\/wp-content\/uploads\/2018\/02\/cropped-SY-Maya150x150-1.png","width":150,"height":150,"caption":"Tobias"},"logo":{"@id":"https:\/\/www.sy-maya.de\/home\/#\/schema\/person\/image\/"},"url":"https:\/\/www.sy-maya.de\/home\/author\/tobias_e\/"}]}},"_links":{"self":[{"href":"https:\/\/www.sy-maya.de\/home\/wp-json\/wp\/v2\/posts\/1145"}],"collection":[{"href":"https:\/\/www.sy-maya.de\/home\/wp-json\/wp\/v2\/posts"}],"about":[{"href":"https:\/\/www.sy-maya.de\/home\/wp-json\/wp\/v2\/types\/post"}],"author":[{"embeddable":true,"href":"https:\/\/www.sy-maya.de\/home\/wp-json\/wp\/v2\/users\/3"}],"replies":[{"embeddable":true,"href":"https:\/\/www.sy-maya.de\/home\/wp-json\/wp\/v2\/comments?post=1145"}],"version-history":[{"count":2,"href":"https:\/\/www.sy-maya.de\/home\/wp-json\/wp\/v2\/posts\/1145\/revisions"}],"predecessor-version":[{"id":1160,"href":"https:\/\/www.sy-maya.de\/home\/wp-json\/wp\/v2\/posts\/1145\/revisions\/1160"}],"wp:attachment":[{"href":"https:\/\/www.sy-maya.de\/home\/wp-json\/wp\/v2\/media?parent=1145"}],"wp:term":[{"taxonomy":"category","embeddable":true,"href":"https:\/\/www.sy-maya.de\/home\/wp-json\/wp\/v2\/categories?post=1145"},{"taxonomy":"post_tag","embeddable":true,"href":"https:\/\/www.sy-maya.de\/home\/wp-json\/wp\/v2\/tags?post=1145"}],"curies":[{"name":"wp","href":"https:\/\/api.w.org\/{rel}","templated":true}]}}