{"id":1173,"date":"2019-04-07T10:56:35","date_gmt":"2019-04-07T08:56:35","guid":{"rendered":"https:\/\/www.sy-maya.de\/home\/?p=1173"},"modified":"2019-04-25T12:39:47","modified_gmt":"2019-04-25T10:39:47","slug":"mindelo-auf-sao-vicente","status":"publish","type":"post","link":"https:\/\/www.sy-maya.de\/home\/2019\/04\/07\/mindelo-auf-sao-vicente\/","title":{"rendered":"Mindelo auf S\u00e3o Vicente"},"content":{"rendered":"\n<p>Die Marina und die Stadt Mindeo, die Hauptstadt der Kapverdischen Inseln, haben uns auf Anhieb gefallen. Die Liegepl\u00e4tze in der Marina sind zwar etwas \u201erollig\u201c, weil in der Bucht ein ordentlicher Schwell steht (Ankern oder eine Mooring benutzen ist vermutlich hier eine gute Idee), aber insgesamt haben wir gute Erinnerungen. Das Team der Marina ist sehr sympathisch und wirkt gut organisiert. <\/p>\n\n\n<p>\r\n\t\t\t\t\t\n\r\n\t\t\t\t\t<!-- START UNITE GALLERY 1.7.62 -->\r\n\t\t\t\t\t\r\n\t\t\t\t\n\t\t\t<div id='unitegallery_32_1' class='unite-gallery' style='margin:0px auto;'>\n\t\t\t\t\n\n\t\t\t\t\t\t<img alt=\"Cabo-Verde_ - 13\"\n\t\t\t\t\t\t     src=\"\" data-image=\"https:\/\/www.sy-maya.de\/home\/wp-content\/uploads\/2019\/04\/Cabo-Verde_-13.jpg\"\n\t\t\t\t\t\t     data-thumb=\"https:\/\/www.sy-maya.de\/home\/wp-content\/uploads\/2019\/04\/Cabo-Verde_-13-225x300.jpg\"\n\t\t\t\t\t\t     title=\"\"\n\t\t\t\t\t\t     style=\"display:none\">\n\n\t\t\t\t\t\t<img alt=\"Cabo-Verde_ - 11\"\n\t\t\t\t\t\t     src=\"\" data-image=\"https:\/\/www.sy-maya.de\/home\/wp-content\/uploads\/2019\/04\/Cabo-Verde_-11.jpg\"\n\t\t\t\t\t\t     data-thumb=\"https:\/\/www.sy-maya.de\/home\/wp-content\/uploads\/2019\/04\/Cabo-Verde_-11-300x225.jpg\"\n\t\t\t\t\t\t     title=\"\"\n\t\t\t\t\t\t     style=\"display:none\">\n\n\t\t\t\t\t\t<img alt=\"Cabo-Verde_ - 1\"\n\t\t\t\t\t\t     src=\"\" data-image=\"https:\/\/www.sy-maya.de\/home\/wp-content\/uploads\/2019\/04\/Cabo-Verde_-1.jpg\"\n\t\t\t\t\t\t     data-thumb=\"https:\/\/www.sy-maya.de\/home\/wp-content\/uploads\/2019\/04\/Cabo-Verde_-1-225x300.jpg\"\n\t\t\t\t\t\t     title=\"\"\n\t\t\t\t\t\t     style=\"display:none\">\n\n\t\t\t\t\t\t<img alt=\"Cabo-Verde_ - 2\"\n\t\t\t\t\t\t     src=\"\" data-image=\"https:\/\/www.sy-maya.de\/home\/wp-content\/uploads\/2019\/04\/Cabo-Verde_-2.jpg\"\n\t\t\t\t\t\t     data-thumb=\"https:\/\/www.sy-maya.de\/home\/wp-content\/uploads\/2019\/04\/Cabo-Verde_-2-225x300.jpg\"\n\t\t\t\t\t\t     title=\"\"\n\t\t\t\t\t\t     style=\"display:none\">\n\n\t\t\t\t\t\t<img alt=\"Cabo-Verde_ - 9\"\n\t\t\t\t\t\t     src=\"\" data-image=\"https:\/\/www.sy-maya.de\/home\/wp-content\/uploads\/2019\/04\/Cabo-Verde_-9.jpg\"\n\t\t\t\t\t\t     data-thumb=\"https:\/\/www.sy-maya.de\/home\/wp-content\/uploads\/2019\/04\/Cabo-Verde_-9-225x300.jpg\"\n\t\t\t\t\t\t     title=\"\"\n\t\t\t\t\t\t     style=\"display:none\">\n\n\t\t\t\t\t\t<img alt=\"Cabo-Verde_ - 8\"\n\t\t\t\t\t\t     src=\"\" data-image=\"https:\/\/www.sy-maya.de\/home\/wp-content\/uploads\/2019\/04\/Cabo-Verde_-8.jpg\"\n\t\t\t\t\t\t     data-thumb=\"https:\/\/www.sy-maya.de\/home\/wp-content\/uploads\/2019\/04\/Cabo-Verde_-8-225x300.jpg\"\n\t\t\t\t\t\t     title=\"\"\n\t\t\t\t\t\t     style=\"display:none\">\n\n\t\t\t\t\t\t<img alt=\"Cabo-Verde_ - 7\"\n\t\t\t\t\t\t     src=\"\" data-image=\"https:\/\/www.sy-maya.de\/home\/wp-content\/uploads\/2019\/04\/Cabo-Verde_-7.jpg\"\n\t\t\t\t\t\t     data-thumb=\"https:\/\/www.sy-maya.de\/home\/wp-content\/uploads\/2019\/04\/Cabo-Verde_-7-225x300.jpg\"\n\t\t\t\t\t\t     title=\"\"\n\t\t\t\t\t\t     style=\"display:none\">\n\n\t\t\t\t\t\t<img alt=\"Cabo-Verde_ - 6\"\n\t\t\t\t\t\t     src=\"\" data-image=\"https:\/\/www.sy-maya.de\/home\/wp-content\/uploads\/2019\/04\/Cabo-Verde_-6.jpg\"\n\t\t\t\t\t\t     data-thumb=\"https:\/\/www.sy-maya.de\/home\/wp-content\/uploads\/2019\/04\/Cabo-Verde_-6-225x300.jpg\"\n\t\t\t\t\t\t     title=\"\"\n\t\t\t\t\t\t     style=\"display:none\">\n\n\t\t\t\t\t\t<img alt=\"Cabo-Verde_ - 5\"\n\t\t\t\t\t\t     src=\"\" data-image=\"https:\/\/www.sy-maya.de\/home\/wp-content\/uploads\/2019\/04\/Cabo-Verde_-5.jpg\"\n\t\t\t\t\t\t     data-thumb=\"https:\/\/www.sy-maya.de\/home\/wp-content\/uploads\/2019\/04\/Cabo-Verde_-5-225x300.jpg\"\n\t\t\t\t\t\t     title=\"\"\n\t\t\t\t\t\t     style=\"display:none\">\n\n\t\t\t\t\t\t<img alt=\"Cabo-Verde_ - 4\"\n\t\t\t\t\t\t     src=\"\" data-image=\"https:\/\/www.sy-maya.de\/home\/wp-content\/uploads\/2019\/04\/Cabo-Verde_-4.jpg\"\n\t\t\t\t\t\t     data-thumb=\"https:\/\/www.sy-maya.de\/home\/wp-content\/uploads\/2019\/04\/Cabo-Verde_-4-225x300.jpg\"\n\t\t\t\t\t\t     title=\"\"\n\t\t\t\t\t\t     style=\"display:none\">\n\n\t\t\t\t\t\t<img alt=\"Cabo-Verde_ - 3\"\n\t\t\t\t\t\t     src=\"\" data-image=\"https:\/\/www.sy-maya.de\/home\/wp-content\/uploads\/2019\/04\/Cabo-Verde_-3.jpg\"\n\t\t\t\t\t\t     data-thumb=\"https:\/\/www.sy-maya.de\/home\/wp-content\/uploads\/2019\/04\/Cabo-Verde_-3-225x300.jpg\"\n\t\t\t\t\t\t     title=\"\"\n\t\t\t\t\t\t     style=\"display:none\">\n\t\t\t<\/div>\n\n\t\t\t<script type='text\/javascript'>\n\t\t\t\twindow.onload = function(e) {\n\t\t\t\t\tif(typeof ugCheckForErrors == \"undefined\"){\n\t\t\t\t\t\tdocument.getElementById(\"unitegallery_32_1\").innerHTML = \"<span style='color:red'>Unite Gallery Error - gallery js and css files not included in the footer. Please make sure that wp_footer() function is added to your theme.<\/span>\";}\n\t\t\t\t\telse{ ugCheckForErrors(\"unitegallery_32_1\", \"jquery\");}\n\t\t\t\t};\n\t\t\t<\/script>\n\n\t\t\t<!-- END UNITEGALLERY --><\/p>\n\n\n\n<p>Besonders gefallen hat uns auch die kapverdische Musik.\nDavon gibt es viel in der ganzen Stadt und in den meisten Bars und Restaurants\nwird Livemusik angeboten. Hier w\u00fcrden wir gerne wieder herkommen und eine Weile\nl\u00e4nger bleiben.<\/p>\n\n\n\n<p><em>Praktisches<\/em>: Ein- und Ausklarieren ging schnell und unkompliziert. Die B\u00fcros (Immigration und Marine) sind aber am Wochenende geschlossen. Da wir am Sonntag direkt weiter segeln wollten, haben wir gleich am Ankunftstag ausklariert.<\/p>\n\n\n\n<p>In der Marina gibt es gutes Wasser aus einer Umkehrosmoseanlage. Das Wasser hat nach unserem Eindruck eine sehr gute Qualit\u00e4t. Bei unserem Aufenthalt gab es allerdings ab und zu Probleme mit der Wasserversorgung. Deswegen ist es vermutlich eine gute Idee mit dem Wasser bunkern nicht erst kurz vor der geplanten Abreise zu bef\u00fcllen. <\/p>\n\n\n<p>\r\n\t\t\t\t\t\n\r\n\t\t\t\t\t<!-- START UNITE GALLERY 1.7.62 -->\r\n\t\t\t\t\t\r\n\t\t\t\t\n\t\t\t<div id='unitegallery_33_2' class='unite-gallery' style='margin:0px auto;'>\n\t\t\t\t\n\n\t\t\t\t\t\t<img alt=\"Cabo-Verde_ - 14\"\n\t\t\t\t\t\t     src=\"\" data-image=\"https:\/\/www.sy-maya.de\/home\/wp-content\/uploads\/2019\/04\/Cabo-Verde_-14.jpg\"\n\t\t\t\t\t\t     data-thumb=\"https:\/\/www.sy-maya.de\/home\/wp-content\/uploads\/2019\/04\/Cabo-Verde_-14-225x300.jpg\"\n\t\t\t\t\t\t     title=\"\"\n\t\t\t\t\t\t     style=\"display:none\">\n\n\t\t\t\t\t\t<img alt=\"Cabo-Verde_ - 15\"\n\t\t\t\t\t\t     src=\"\" data-image=\"https:\/\/www.sy-maya.de\/home\/wp-content\/uploads\/2019\/04\/Cabo-Verde_-15.jpg\"\n\t\t\t\t\t\t     data-thumb=\"https:\/\/www.sy-maya.de\/home\/wp-content\/uploads\/2019\/04\/Cabo-Verde_-15-225x300.jpg\"\n\t\t\t\t\t\t     title=\"\"\n\t\t\t\t\t\t     style=\"display:none\">\n\n\t\t\t\t\t\t<img alt=\"Cabo-Verde_ - 16\"\n\t\t\t\t\t\t     src=\"\" data-image=\"https:\/\/www.sy-maya.de\/home\/wp-content\/uploads\/2019\/04\/Cabo-Verde_-16.jpg\"\n\t\t\t\t\t\t     data-thumb=\"https:\/\/www.sy-maya.de\/home\/wp-content\/uploads\/2019\/04\/Cabo-Verde_-16-300x225.jpg\"\n\t\t\t\t\t\t     title=\"\"\n\t\t\t\t\t\t     style=\"display:none\">\n\n\t\t\t\t\t\t<img alt=\"Cabo-Verde_ - 17\"\n\t\t\t\t\t\t     src=\"\" data-image=\"https:\/\/www.sy-maya.de\/home\/wp-content\/uploads\/2019\/04\/Cabo-Verde_-17.jpg\"\n\t\t\t\t\t\t     data-thumb=\"https:\/\/www.sy-maya.de\/home\/wp-content\/uploads\/2019\/04\/Cabo-Verde_-17-300x225.jpg\"\n\t\t\t\t\t\t     title=\"\"\n\t\t\t\t\t\t     style=\"display:none\">\n\n\t\t\t\t\t\t<img alt=\"OLYMPUS DIGITAL CAMERA\"\n\t\t\t\t\t\t     src=\"\" data-image=\"https:\/\/www.sy-maya.de\/home\/wp-content\/uploads\/2019\/04\/P4055719.jpg\"\n\t\t\t\t\t\t     data-thumb=\"https:\/\/www.sy-maya.de\/home\/wp-content\/uploads\/2019\/04\/P4055719-300x200.jpg\"\n\t\t\t\t\t\t     title=\"\"\n\t\t\t\t\t\t     style=\"display:none\">\n\n\t\t\t\t\t\t<img alt=\"OLYMPUS DIGITAL CAMERA\"\n\t\t\t\t\t\t     src=\"\" data-image=\"https:\/\/www.sy-maya.de\/home\/wp-content\/uploads\/2019\/04\/P4055735.jpg\"\n\t\t\t\t\t\t     data-thumb=\"https:\/\/www.sy-maya.de\/home\/wp-content\/uploads\/2019\/04\/P4055735-300x200.jpg\"\n\t\t\t\t\t\t     title=\"\"\n\t\t\t\t\t\t     style=\"display:none\">\n\n\t\t\t\t\t\t<img alt=\"OLYMPUS DIGITAL CAMERA\"\n\t\t\t\t\t\t     src=\"\" data-image=\"https:\/\/www.sy-maya.de\/home\/wp-content\/uploads\/2019\/04\/P4055736.jpg\"\n\t\t\t\t\t\t     data-thumb=\"https:\/\/www.sy-maya.de\/home\/wp-content\/uploads\/2019\/04\/P4055736-300x200.jpg\"\n\t\t\t\t\t\t     title=\"\"\n\t\t\t\t\t\t     style=\"display:none\">\n\n\t\t\t\t\t\t<img alt=\"OLYMPUS DIGITAL CAMERA\"\n\t\t\t\t\t\t     src=\"\" data-image=\"https:\/\/www.sy-maya.de\/home\/wp-content\/uploads\/2019\/04\/P4055738.jpg\"\n\t\t\t\t\t\t     data-thumb=\"https:\/\/www.sy-maya.de\/home\/wp-content\/uploads\/2019\/04\/P4055738-300x200.jpg\"\n\t\t\t\t\t\t     title=\"\"\n\t\t\t\t\t\t     style=\"display:none\">\n\n\t\t\t\t\t\t<img alt=\"OLYMPUS DIGITAL CAMERA\"\n\t\t\t\t\t\t     src=\"\" data-image=\"https:\/\/www.sy-maya.de\/home\/wp-content\/uploads\/2019\/04\/P4055754.jpg\"\n\t\t\t\t\t\t     data-thumb=\"https:\/\/www.sy-maya.de\/home\/wp-content\/uploads\/2019\/04\/P4055754-300x200.jpg\"\n\t\t\t\t\t\t     title=\"\"\n\t\t\t\t\t\t     style=\"display:none\">\n\n\t\t\t\t\t\t<img alt=\"OLYMPUS DIGITAL CAMERA\"\n\t\t\t\t\t\t     src=\"\" data-image=\"https:\/\/www.sy-maya.de\/home\/wp-content\/uploads\/2019\/04\/P4055759-e1556107802332.jpg\"\n\t\t\t\t\t\t     data-thumb=\"https:\/\/www.sy-maya.de\/home\/wp-content\/uploads\/2019\/04\/P4055759-e1556107802332-200x300.jpg\"\n\t\t\t\t\t\t     title=\"\"\n\t\t\t\t\t\t     style=\"display:none\">\n\n\t\t\t\t\t\t<img alt=\"OLYMPUS DIGITAL CAMERA\"\n\t\t\t\t\t\t     src=\"\" data-image=\"https:\/\/www.sy-maya.de\/home\/wp-content\/uploads\/2019\/04\/P4055761.jpg\"\n\t\t\t\t\t\t     data-thumb=\"https:\/\/www.sy-maya.de\/home\/wp-content\/uploads\/2019\/04\/P4055761-300x200.jpg\"\n\t\t\t\t\t\t     title=\"\"\n\t\t\t\t\t\t     style=\"display:none\">\n\t\t\t<\/div>\n\n\n\t\t\t<!-- END UNITEGALLERY --><\/p>\n\n\n\n<p>In der Marina gibt es keine Waschmaschinen. Es gibt aber in der N\u00e4he einen SB-Waschsalon und einen Waschservice der nicht viel mehr kostet als die SB-W\u00e4sche, aber viel bequemer ist. Man kann die W\u00e4sche morgens hinbringen und kann sie am Abend gewaschen, getrocknet und sch\u00f6n zusammengelegt abholen. Preis nach Gewicht (ca. 220 ECV pro KG f\u00fcr den Eco-Service). Es ist nur 2 Min. zu Fu\u00df von der Marina. Die Information, findet man im Hafenb\u00fcro im Aushang.<\/p>\n\n\n\n<p>Internet gibt es in dem Cafe gleich neben dem Marinab\u00fcro\n(leider nicht am Steg). Internet ist nicht immer schnell und das Passwort\nregelm\u00e4\u00dfig ge\u00e4ndert. Das Essen ist gut (Bistro-artig) und relativ g\u00fcnstig.<\/p>\n\n\n\n<p>Sonst waren wir in den Restaurants &#8222;Elvis&#8220; und\n&#8222;Cocktails&#8220;. Beide sind gut und nicht weit von der Marina zu finden.\nIn der N\u00e4he der Postflliale gibt es sehr leckeres Eis!<\/p>\n\n\n\n<p>Am Sonntag ist vieles geschlossen, inklusive Superm\u00e4rkte\n(fast alle), M\u00e4rkte, Tankstelle und W\u00e4scheservice.<\/p>\n","protected":false},"excerpt":{"rendered":"<p>Die Marina und die Stadt Mindeo, die Hauptstadt der Kapverdischen Inseln, haben uns auf Anhieb gefallen. Die Liegepl\u00e4tze in der Marina sind zwar etwas \u201erollig\u201c, weil in der Bucht ein [&hellip;]<\/p>\n","protected":false},"author":3,"featured_media":0,"comment_status":"open","ping_status":"open","sticky":false,"template":"","format":"standard","meta":{"_exactmetrics_skip_tracking":false,"_exactmetrics_sitenote_active":false,"_exactmetrics_sitenote_note":"","_exactmetrics_sitenote_category":0,"footnotes":""},"categories":[168,1,140,26],"tags":[],"yoast_head":"<!-- This site is optimized with the Yoast SEO plugin v23.5 - https:\/\/yoast.com\/wordpress\/plugins\/seo\/ -->\n<title>Mindelo auf S\u00e3o Vicente &#8211; SY-Maya.de<\/title>\n<meta name=\"robots\" content=\"index, follow, max-snippet:-1, max-image-preview:large, max-video-preview:-1\" \/>\n<link rel=\"canonical\" href=\"https:\/\/www.sy-maya.de\/home\/2019\/04\/07\/mindelo-auf-sao-vicente\/\" \/>\n<meta property=\"og:locale\" content=\"de_DE\" \/>\n<meta property=\"og:type\" content=\"article\" \/>\n<meta property=\"og:title\" content=\"Mindelo auf S\u00e3o Vicente &#8211; SY-Maya.de\" \/>\n<meta property=\"og:description\" content=\"Die Marina und die Stadt Mindeo, die Hauptstadt der Kapverdischen Inseln, haben uns auf Anhieb gefallen. Die Liegepl\u00e4tze in der Marina sind zwar etwas \u201erollig\u201c, weil in der Bucht ein [&hellip;]\" \/>\n<meta property=\"og:url\" content=\"https:\/\/www.sy-maya.de\/home\/2019\/04\/07\/mindelo-auf-sao-vicente\/\" \/>\n<meta property=\"og:site_name\" content=\"SY-Maya.de\" \/>\n<meta property=\"article:published_time\" content=\"2019-04-07T08:56:35+00:00\" \/>\n<meta property=\"article:modified_time\" content=\"2019-04-25T10:39:47+00:00\" \/>\n<meta name=\"author\" content=\"Tobias\" \/>\n<meta name=\"twitter:card\" content=\"summary_large_image\" \/>\n<meta name=\"twitter:label1\" content=\"Verfasst von\" \/>\n\t<meta name=\"twitter:data1\" content=\"Tobias\" \/>\n\t<meta name=\"twitter:label2\" content=\"Gesch\u00e4tzte Lesezeit\" \/>\n\t<meta name=\"twitter:data2\" content=\"2\u00a0Minuten\" \/>\n<script type=\"application\/ld+json\" class=\"yoast-schema-graph\">{\"@context\":\"https:\/\/schema.org\",\"@graph\":[{\"@type\":\"Article\",\"@id\":\"https:\/\/www.sy-maya.de\/home\/2019\/04\/07\/mindelo-auf-sao-vicente\/#article\",\"isPartOf\":{\"@id\":\"https:\/\/www.sy-maya.de\/home\/2019\/04\/07\/mindelo-auf-sao-vicente\/\"},\"author\":{\"name\":\"Tobias\",\"@id\":\"https:\/\/www.sy-maya.de\/home\/#\/schema\/person\/c5267d9235b4e39503e75a219168c270\"},\"headline\":\"Mindelo auf S\u00e3o Vicente\",\"datePublished\":\"2019-04-07T08:56:35+00:00\",\"dateModified\":\"2019-04-25T10:39:47+00:00\",\"mainEntityOfPage\":{\"@id\":\"https:\/\/www.sy-maya.de\/home\/2019\/04\/07\/mindelo-auf-sao-vicente\/\"},\"wordCount\":361,\"commentCount\":1,\"publisher\":{\"@id\":\"https:\/\/www.sy-maya.de\/home\/#\/schema\/person\/c5267d9235b4e39503e75a219168c270\"},\"articleSection\":{\"0\":\"Afrika\",\"2\":\"Atlantik\",\"3\":\"Leben-an-Board\"},\"inLanguage\":\"de\",\"potentialAction\":[{\"@type\":\"CommentAction\",\"name\":\"Comment\",\"target\":[\"https:\/\/www.sy-maya.de\/home\/2019\/04\/07\/mindelo-auf-sao-vicente\/#respond\"]}]},{\"@type\":\"WebPage\",\"@id\":\"https:\/\/www.sy-maya.de\/home\/2019\/04\/07\/mindelo-auf-sao-vicente\/\",\"url\":\"https:\/\/www.sy-maya.de\/home\/2019\/04\/07\/mindelo-auf-sao-vicente\/\",\"name\":\"Mindelo auf S\u00e3o Vicente &#8211; SY-Maya.de\",\"isPartOf\":{\"@id\":\"https:\/\/www.sy-maya.de\/home\/#website\"},\"datePublished\":\"2019-04-07T08:56:35+00:00\",\"dateModified\":\"2019-04-25T10:39:47+00:00\",\"breadcrumb\":{\"@id\":\"https:\/\/www.sy-maya.de\/home\/2019\/04\/07\/mindelo-auf-sao-vicente\/#breadcrumb\"},\"inLanguage\":\"de\",\"potentialAction\":[{\"@type\":\"ReadAction\",\"target\":[\"https:\/\/www.sy-maya.de\/home\/2019\/04\/07\/mindelo-auf-sao-vicente\/\"]}]},{\"@type\":\"BreadcrumbList\",\"@id\":\"https:\/\/www.sy-maya.de\/home\/2019\/04\/07\/mindelo-auf-sao-vicente\/#breadcrumb\",\"itemListElement\":[{\"@type\":\"ListItem\",\"position\":1,\"name\":\"Startseite\",\"item\":\"https:\/\/www.sy-maya.de\/home\/\"},{\"@type\":\"ListItem\",\"position\":2,\"name\":\"Mindelo auf S\u00e3o Vicente\"}]},{\"@type\":\"WebSite\",\"@id\":\"https:\/\/www.sy-maya.de\/home\/#website\",\"url\":\"https:\/\/www.sy-maya.de\/home\/\",\"name\":\"SY-Maya.de\",\"description\":\"Cruising and Living\",\"publisher\":{\"@id\":\"https:\/\/www.sy-maya.de\/home\/#\/schema\/person\/c5267d9235b4e39503e75a219168c270\"},\"potentialAction\":[{\"@type\":\"SearchAction\",\"target\":{\"@type\":\"EntryPoint\",\"urlTemplate\":\"https:\/\/www.sy-maya.de\/home\/?s={search_term_string}\"},\"query-input\":{\"@type\":\"PropertyValueSpecification\",\"valueRequired\":true,\"valueName\":\"search_term_string\"}}],\"inLanguage\":\"de\"},{\"@type\":[\"Person\",\"Organization\"],\"@id\":\"https:\/\/www.sy-maya.de\/home\/#\/schema\/person\/c5267d9235b4e39503e75a219168c270\",\"name\":\"Tobias\",\"image\":{\"@type\":\"ImageObject\",\"inLanguage\":\"de\",\"@id\":\"https:\/\/www.sy-maya.de\/home\/#\/schema\/person\/image\/\",\"url\":\"https:\/\/www.sy-maya.de\/home\/wp-content\/uploads\/2018\/02\/cropped-SY-Maya150x150-1.png\",\"contentUrl\":\"https:\/\/www.sy-maya.de\/home\/wp-content\/uploads\/2018\/02\/cropped-SY-Maya150x150-1.png\",\"width\":150,\"height\":150,\"caption\":\"Tobias\"},\"logo\":{\"@id\":\"https:\/\/www.sy-maya.de\/home\/#\/schema\/person\/image\/\"},\"url\":\"https:\/\/www.sy-maya.de\/home\/author\/tobias_e\/\"}]}<\/script>\n<!-- \/ Yoast SEO plugin. -->","yoast_head_json":{"title":"Mindelo auf S\u00e3o Vicente &#8211; SY-Maya.de","robots":{"index":"index","follow":"follow","max-snippet":"max-snippet:-1","max-image-preview":"max-image-preview:large","max-video-preview":"max-video-preview:-1"},"canonical":"https:\/\/www.sy-maya.de\/home\/2019\/04\/07\/mindelo-auf-sao-vicente\/","og_locale":"de_DE","og_type":"article","og_title":"Mindelo auf S\u00e3o Vicente &#8211; SY-Maya.de","og_description":"Die Marina und die Stadt Mindeo, die Hauptstadt der Kapverdischen Inseln, haben uns auf Anhieb gefallen. Die Liegepl\u00e4tze in der Marina sind zwar etwas \u201erollig\u201c, weil in der Bucht ein [&hellip;]","og_url":"https:\/\/www.sy-maya.de\/home\/2019\/04\/07\/mindelo-auf-sao-vicente\/","og_site_name":"SY-Maya.de","article_published_time":"2019-04-07T08:56:35+00:00","article_modified_time":"2019-04-25T10:39:47+00:00","author":"Tobias","twitter_card":"summary_large_image","twitter_misc":{"Verfasst von":"Tobias","Gesch\u00e4tzte Lesezeit":"2\u00a0Minuten"},"schema":{"@context":"https:\/\/schema.org","@graph":[{"@type":"Article","@id":"https:\/\/www.sy-maya.de\/home\/2019\/04\/07\/mindelo-auf-sao-vicente\/#article","isPartOf":{"@id":"https:\/\/www.sy-maya.de\/home\/2019\/04\/07\/mindelo-auf-sao-vicente\/"},"author":{"name":"Tobias","@id":"https:\/\/www.sy-maya.de\/home\/#\/schema\/person\/c5267d9235b4e39503e75a219168c270"},"headline":"Mindelo auf S\u00e3o Vicente","datePublished":"2019-04-07T08:56:35+00:00","dateModified":"2019-04-25T10:39:47+00:00","mainEntityOfPage":{"@id":"https:\/\/www.sy-maya.de\/home\/2019\/04\/07\/mindelo-auf-sao-vicente\/"},"wordCount":361,"commentCount":1,"publisher":{"@id":"https:\/\/www.sy-maya.de\/home\/#\/schema\/person\/c5267d9235b4e39503e75a219168c270"},"articleSection":{"0":"Afrika","2":"Atlantik","3":"Leben-an-Board"},"inLanguage":"de","potentialAction":[{"@type":"CommentAction","name":"Comment","target":["https:\/\/www.sy-maya.de\/home\/2019\/04\/07\/mindelo-auf-sao-vicente\/#respond"]}]},{"@type":"WebPage","@id":"https:\/\/www.sy-maya.de\/home\/2019\/04\/07\/mindelo-auf-sao-vicente\/","url":"https:\/\/www.sy-maya.de\/home\/2019\/04\/07\/mindelo-auf-sao-vicente\/","name":"Mindelo auf S\u00e3o Vicente &#8211; SY-Maya.de","isPartOf":{"@id":"https:\/\/www.sy-maya.de\/home\/#website"},"datePublished":"2019-04-07T08:56:35+00:00","dateModified":"2019-04-25T10:39:47+00:00","breadcrumb":{"@id":"https:\/\/www.sy-maya.de\/home\/2019\/04\/07\/mindelo-auf-sao-vicente\/#breadcrumb"},"inLanguage":"de","potentialAction":[{"@type":"ReadAction","target":["https:\/\/www.sy-maya.de\/home\/2019\/04\/07\/mindelo-auf-sao-vicente\/"]}]},{"@type":"BreadcrumbList","@id":"https:\/\/www.sy-maya.de\/home\/2019\/04\/07\/mindelo-auf-sao-vicente\/#breadcrumb","itemListElement":[{"@type":"ListItem","position":1,"name":"Startseite","item":"https:\/\/www.sy-maya.de\/home\/"},{"@type":"ListItem","position":2,"name":"Mindelo auf S\u00e3o Vicente"}]},{"@type":"WebSite","@id":"https:\/\/www.sy-maya.de\/home\/#website","url":"https:\/\/www.sy-maya.de\/home\/","name":"SY-Maya.de","description":"Cruising and Living","publisher":{"@id":"https:\/\/www.sy-maya.de\/home\/#\/schema\/person\/c5267d9235b4e39503e75a219168c270"},"potentialAction":[{"@type":"SearchAction","target":{"@type":"EntryPoint","urlTemplate":"https:\/\/www.sy-maya.de\/home\/?s={search_term_string}"},"query-input":{"@type":"PropertyValueSpecification","valueRequired":true,"valueName":"search_term_string"}}],"inLanguage":"de"},{"@type":["Person","Organization"],"@id":"https:\/\/www.sy-maya.de\/home\/#\/schema\/person\/c5267d9235b4e39503e75a219168c270","name":"Tobias","image":{"@type":"ImageObject","inLanguage":"de","@id":"https:\/\/www.sy-maya.de\/home\/#\/schema\/person\/image\/","url":"https:\/\/www.sy-maya.de\/home\/wp-content\/uploads\/2018\/02\/cropped-SY-Maya150x150-1.png","contentUrl":"https:\/\/www.sy-maya.de\/home\/wp-content\/uploads\/2018\/02\/cropped-SY-Maya150x150-1.png","width":150,"height":150,"caption":"Tobias"},"logo":{"@id":"https:\/\/www.sy-maya.de\/home\/#\/schema\/person\/image\/"},"url":"https:\/\/www.sy-maya.de\/home\/author\/tobias_e\/"}]}},"_links":{"self":[{"href":"https:\/\/www.sy-maya.de\/home\/wp-json\/wp\/v2\/posts\/1173"}],"collection":[{"href":"https:\/\/www.sy-maya.de\/home\/wp-json\/wp\/v2\/posts"}],"about":[{"href":"https:\/\/www.sy-maya.de\/home\/wp-json\/wp\/v2\/types\/post"}],"author":[{"embeddable":true,"href":"https:\/\/www.sy-maya.de\/home\/wp-json\/wp\/v2\/users\/3"}],"replies":[{"embeddable":true,"href":"https:\/\/www.sy-maya.de\/home\/wp-json\/wp\/v2\/comments?post=1173"}],"version-history":[{"count":3,"href":"https:\/\/www.sy-maya.de\/home\/wp-json\/wp\/v2\/posts\/1173\/revisions"}],"predecessor-version":[{"id":1256,"href":"https:\/\/www.sy-maya.de\/home\/wp-json\/wp\/v2\/posts\/1173\/revisions\/1256"}],"wp:attachment":[{"href":"https:\/\/www.sy-maya.de\/home\/wp-json\/wp\/v2\/media?parent=1173"}],"wp:term":[{"taxonomy":"category","embeddable":true,"href":"https:\/\/www.sy-maya.de\/home\/wp-json\/wp\/v2\/categories?post=1173"},{"taxonomy":"post_tag","embeddable":true,"href":"https:\/\/www.sy-maya.de\/home\/wp-json\/wp\/v2\/tags?post=1173"}],"curies":[{"name":"wp","href":"https:\/\/api.w.org\/{rel}","templated":true}]}}