{"id":1189,"date":"2019-04-23T12:47:01","date_gmt":"2019-04-23T10:47:01","guid":{"rendered":"https:\/\/www.sy-maya.de\/home\/?p=1189"},"modified":"2019-07-18T04:41:38","modified_gmt":"2019-07-18T02:41:38","slug":"transatlantikpassage-von-den-kapverden-in-die-karibik","status":"publish","type":"post","link":"https:\/\/www.sy-maya.de\/home\/2019\/04\/23\/transatlantikpassage-von-den-kapverden-in-die-karibik\/","title":{"rendered":"Transatlantikpassage \u2013 von den Kapverden in die Karibik"},"content":{"rendered":"\n<p><\/p>\n\n\n\n<p>Wir starten erst sp\u00e4t am Abend, weil es in der Marina Probleme mit der Wasserversorgung gab und wir nicht mit leeren Tanks starten wollten (obwohl wir auch einen Wassermacher an Bord haben). Wir verlassen den Hafen also bereits nach Eintritt der D\u00e4mmerung. Da wir jetzt aber den Weg kennen, ist die Navigation allerdings keine besondere Herausforderung mehr.<\/p>\n\n\n<p>\r\n\t\t\t\t\t\n\r\n\t\t\t\t\t<!-- START UNITE GALLERY 1.7.62 -->\r\n\t\t\t\t\t\r\n\t\t\t\t\n\t\t\t<div id='unitegallery_34_1' class='unite-gallery' style='margin:0px auto;'>\n\t\t\t\t\n\n\t\t\t\t\t\t<img alt=\"20190414_171904_HDR\"\n\t\t\t\t\t\t     src=\"\" data-image=\"https:\/\/www.sy-maya.de\/home\/wp-content\/uploads\/2019\/04\/20190414_171904_HDR-e1556107787532.jpg\"\n\t\t\t\t\t\t     data-thumb=\"https:\/\/www.sy-maya.de\/home\/wp-content\/uploads\/2019\/04\/20190414_171904_HDR-e1556107787532-225x300.jpg\"\n\t\t\t\t\t\t     title=\"\"\n\t\t\t\t\t\t     style=\"display:none\">\n\n\t\t\t\t\t\t<img alt=\"20190414_172227_HDR\"\n\t\t\t\t\t\t     src=\"\" data-image=\"https:\/\/www.sy-maya.de\/home\/wp-content\/uploads\/2019\/04\/20190414_172227_HDR-e1556107771425.jpg\"\n\t\t\t\t\t\t     data-thumb=\"https:\/\/www.sy-maya.de\/home\/wp-content\/uploads\/2019\/04\/20190414_172227_HDR-e1556107771425-225x300.jpg\"\n\t\t\t\t\t\t     title=\"\"\n\t\t\t\t\t\t     style=\"display:none\">\n\n\t\t\t\t\t\t<img alt=\"20190415_120456\"\n\t\t\t\t\t\t     src=\"\" data-image=\"https:\/\/www.sy-maya.de\/home\/wp-content\/uploads\/2019\/04\/20190415_120456-e1556107732438.jpg\"\n\t\t\t\t\t\t     data-thumb=\"https:\/\/www.sy-maya.de\/home\/wp-content\/uploads\/2019\/04\/20190415_120456-e1556107732438-225x300.jpg\"\n\t\t\t\t\t\t     title=\"\"\n\t\t\t\t\t\t     style=\"display:none\">\n\n\t\t\t\t\t\t<img alt=\"20190421_083411\"\n\t\t\t\t\t\t     src=\"\" data-image=\"https:\/\/www.sy-maya.de\/home\/wp-content\/uploads\/2019\/04\/20190421_083411-e1556107627814.jpg\"\n\t\t\t\t\t\t     data-thumb=\"https:\/\/www.sy-maya.de\/home\/wp-content\/uploads\/2019\/04\/20190421_083411-e1556107627814-300x225.jpg\"\n\t\t\t\t\t\t     title=\"\"\n\t\t\t\t\t\t     style=\"display:none\">\n\n\t\t\t\t\t\t<img alt=\"OLYMPUS DIGITAL CAMERA\"\n\t\t\t\t\t\t     src=\"\" data-image=\"https:\/\/www.sy-maya.de\/home\/wp-content\/uploads\/2019\/04\/P4125818.jpg\"\n\t\t\t\t\t\t     data-thumb=\"https:\/\/www.sy-maya.de\/home\/wp-content\/uploads\/2019\/04\/P4125818-300x200.jpg\"\n\t\t\t\t\t\t     title=\"\"\n\t\t\t\t\t\t     style=\"display:none\">\n\n\t\t\t\t\t\t<img alt=\"OLYMPUS DIGITAL CAMERA\"\n\t\t\t\t\t\t     src=\"\" data-image=\"https:\/\/www.sy-maya.de\/home\/wp-content\/uploads\/2019\/04\/P4155931.jpg\"\n\t\t\t\t\t\t     data-thumb=\"https:\/\/www.sy-maya.de\/home\/wp-content\/uploads\/2019\/04\/P4155931-300x200.jpg\"\n\t\t\t\t\t\t     title=\"\"\n\t\t\t\t\t\t     style=\"display:none\">\n\t\t\t<\/div>\n\n\t\t\t<script type='text\/javascript'>\n\t\t\t\twindow.onload = function(e) {\n\t\t\t\t\tif(typeof ugCheckForErrors == \"undefined\"){\n\t\t\t\t\t\tdocument.getElementById(\"unitegallery_34_1\").innerHTML = \"<span style='color:red'>Unite Gallery Error - gallery js and css files not included in the footer. Please make sure that wp_footer() function is added to your theme.<\/span>\";}\n\t\t\t\t\telse{ ugCheckForErrors(\"unitegallery_34_1\", \"jquery\");}\n\t\t\t\t};\n\t\t\t<\/script>\n\n\t\t\t<!-- END UNITEGALLERY --><\/p>\n\n\n\n<p>Zwischen den Inseln (Sao Vicente und Santo Antao) herrscht\nein kr\u00e4ftiger Wird, der durch den D\u00fcseneffekt hervorgerufen wird. Generell\nhaben wir den Eindruck gehabt, dass auch in Mindelo auf Sao Vicente meist relativ\nviel Wind ist \u2013 was bei den schon relativ hohen Temperaturen hier allerdings\nsehr angenehm sein kann. <\/p>\n\n\n\n<p>Nachdem wir also zun\u00e4chst z\u00fcgig vorankommen (D\u00fcseneffekt sei Dank!) wird es hinter der Abdeckung der Insel Santo Antao erstmal sehr Wind arm und wir benutzen f\u00fcr eine Weile den Motor, um etwas aus dem Einflussbereich der Insel zu gelangen. Wir sp\u00fcren den Einfluss der Insel (immerhin ein rund 2000m hoher Felsen mitten im Atlantik) praktisch noch den ganzen Tag, was sich insbesondere durch immer wechselnde Windrichtungen bemerkbar macht. Erst dann kommen wir in einen Bereich mit stabilen Passatwind. Allerdings ist dieser Passatwind, anders als man vielleicht erwarten w\u00fcrde, kein achterlicher Wind, sondern beinahe \u201ehalber Wind\u201c f\u00fcr uns (also Wind eher von der Seite). Damit k\u00f6nnen wir nat\u00fcrlich auch gut segeln und kommen auch schon relativ z\u00fcgig voran. <\/p>\n\n\n<p>\r\n\t\t\t\t\t\n\r\n\t\t\t\t\t<!-- START UNITE GALLERY 1.7.62 -->\r\n\t\t\t\t\t\r\n\t\t\t\t\n\t\t\t<div id='unitegallery_35_2' class='unite-gallery' style='margin:0px auto;'>\n\t\t\t\t\n\n\t\t\t\t\t\t<img alt=\"20190411_161323\"\n\t\t\t\t\t\t     src=\"\" data-image=\"https:\/\/www.sy-maya.de\/home\/wp-content\/uploads\/2019\/04\/20190411_161323-e1556107715769.jpg\"\n\t\t\t\t\t\t     data-thumb=\"https:\/\/www.sy-maya.de\/home\/wp-content\/uploads\/2019\/04\/20190411_161323-e1556107715769-225x300.jpg\"\n\t\t\t\t\t\t     title=\"\"\n\t\t\t\t\t\t     style=\"display:none\">\n\n\t\t\t\t\t\t<img alt=\"20190412_184815_HDR\"\n\t\t\t\t\t\t     src=\"\" data-image=\"https:\/\/www.sy-maya.de\/home\/wp-content\/uploads\/2019\/04\/20190412_184815_HDR.jpg\"\n\t\t\t\t\t\t     data-thumb=\"https:\/\/www.sy-maya.de\/home\/wp-content\/uploads\/2019\/04\/20190412_184815_HDR-300x225.jpg\"\n\t\t\t\t\t\t     title=\"\"\n\t\t\t\t\t\t     style=\"display:none\">\n\n\t\t\t\t\t\t<img alt=\"OLYMPUS DIGITAL CAMERA\"\n\t\t\t\t\t\t     src=\"\" data-image=\"https:\/\/www.sy-maya.de\/home\/wp-content\/uploads\/2019\/04\/P4145888.jpg\"\n\t\t\t\t\t\t     data-thumb=\"https:\/\/www.sy-maya.de\/home\/wp-content\/uploads\/2019\/04\/P4145888-300x200.jpg\"\n\t\t\t\t\t\t     title=\"\"\n\t\t\t\t\t\t     style=\"display:none\">\n\n\t\t\t\t\t\t<img alt=\"20190414_194505\"\n\t\t\t\t\t\t     src=\"\" data-image=\"https:\/\/www.sy-maya.de\/home\/wp-content\/uploads\/2019\/04\/20190414_194505-e1556109633315.jpg\"\n\t\t\t\t\t\t     data-thumb=\"https:\/\/www.sy-maya.de\/home\/wp-content\/uploads\/2019\/04\/20190414_194505-e1556109633315-300x225.jpg\"\n\t\t\t\t\t\t     title=\"\"\n\t\t\t\t\t\t     style=\"display:none\">\n\n\t\t\t\t\t\t<img alt=\"20190415_190046\"\n\t\t\t\t\t\t     src=\"\" data-image=\"https:\/\/www.sy-maya.de\/home\/wp-content\/uploads\/2019\/04\/20190415_190046-e1556109566627.jpg\"\n\t\t\t\t\t\t     data-thumb=\"https:\/\/www.sy-maya.de\/home\/wp-content\/uploads\/2019\/04\/20190415_190046-e1556109566627-300x225.jpg\"\n\t\t\t\t\t\t     title=\"\"\n\t\t\t\t\t\t     style=\"display:none\">\n\n\t\t\t\t\t\t<img alt=\"20190416_110429\"\n\t\t\t\t\t\t     src=\"\" data-image=\"https:\/\/www.sy-maya.de\/home\/wp-content\/uploads\/2019\/04\/20190416_110429.jpg\"\n\t\t\t\t\t\t     data-thumb=\"https:\/\/www.sy-maya.de\/home\/wp-content\/uploads\/2019\/04\/20190416_110429-300x225.jpg\"\n\t\t\t\t\t\t     title=\"\"\n\t\t\t\t\t\t     style=\"display:none\">\n\n\t\t\t\t\t\t<img alt=\"OLYMPUS DIGITAL CAMERA\"\n\t\t\t\t\t\t     src=\"\" data-image=\"https:\/\/www.sy-maya.de\/home\/wp-content\/uploads\/2019\/04\/P4125805.jpg\"\n\t\t\t\t\t\t     data-thumb=\"https:\/\/www.sy-maya.de\/home\/wp-content\/uploads\/2019\/04\/P4125805-300x200.jpg\"\n\t\t\t\t\t\t     title=\"\"\n\t\t\t\t\t\t     style=\"display:none\">\n\n\t\t\t\t\t\t<img alt=\"OLYMPUS DIGITAL CAMERA\"\n\t\t\t\t\t\t     src=\"\" data-image=\"https:\/\/www.sy-maya.de\/home\/wp-content\/uploads\/2019\/04\/P4135836.jpg\"\n\t\t\t\t\t\t     data-thumb=\"https:\/\/www.sy-maya.de\/home\/wp-content\/uploads\/2019\/04\/P4135836-300x200.jpg\"\n\t\t\t\t\t\t     title=\"\"\n\t\t\t\t\t\t     style=\"display:none\">\n\t\t\t<\/div>\n\n\n\t\t\t<!-- END UNITEGALLERY --><\/p>\n\n\n\n<p>Dies bedeutet allerdings auch, dass wir erst nach der H\u00e4lfte\nder Strecke, also etwa 8 Tagen, auf unsere \u201ePassatbesegelung\u201c mit 2\nausgebaumten Genuas umschwenken k\u00f6nnen. Mit dieser Besegelung sind wir mit unserer\nMaya dann nochmal deutlich flotter und ruhiger unterwegs.&nbsp;&nbsp; <\/p>\n\n\n\n<p>Wir sind etwas \u00fcberrascht, dass wir doch relativ viele Schiffe weit ab vom Festland treffen. (Hallo auch an dieser Stelle an Dadimar, Key Night, Le Champlain und alle anderen Atlantik-Begegnungen!) In der ersten Woche treffen wir praktisch jeden 2. Tag ein Schiff oder auch mehrere \u2013 auch wenn wir sie teilweise nur \u00fcber AIS sehen k\u00f6nnen und nicht immer direkten Sichtkontakt haben. Einerseits ein gutes Gef\u00fchl, dass man nicht so ganz alleine da drau\u00dfen ist, andererseits erfordert der Schiffsverkehr nat\u00fcrlich auch erh\u00f6hte Aufmerksamkeit von uns. Nur in der Mitte des Atlantiks sehen wir f\u00fcr etwas mehr als 4 Tage wirklich niemanden. <\/p>\n\n\n<p>\r\n\t\t\t\t\t\n\r\n\t\t\t\t\t<!-- START UNITE GALLERY 1.7.62 -->\r\n\t\t\t\t\t\r\n\t\t\t\t\n\t\t\t<div id='unitegallery_36_3' class='unite-gallery' style='margin:0px auto;'>\n\t\t\t\t\n\n\t\t\t\t\t\t<img alt=\"OLYMPUS DIGITAL CAMERA\"\n\t\t\t\t\t\t     src=\"\" data-image=\"https:\/\/www.sy-maya.de\/home\/wp-content\/uploads\/2019\/04\/P3305299.jpg\"\n\t\t\t\t\t\t     data-thumb=\"https:\/\/www.sy-maya.de\/home\/wp-content\/uploads\/2019\/04\/P3305299-300x200.jpg\"\n\t\t\t\t\t\t     title=\"\"\n\t\t\t\t\t\t     style=\"display:none\">\n\n\t\t\t\t\t\t<img alt=\"OLYMPUS DIGITAL CAMERA\"\n\t\t\t\t\t\t     src=\"\" data-image=\"https:\/\/www.sy-maya.de\/home\/wp-content\/uploads\/2019\/04\/P3315452.jpg\"\n\t\t\t\t\t\t     data-thumb=\"https:\/\/www.sy-maya.de\/home\/wp-content\/uploads\/2019\/04\/P3315452-300x200.jpg\"\n\t\t\t\t\t\t     title=\"\"\n\t\t\t\t\t\t     style=\"display:none\">\n\n\t\t\t\t\t\t<img alt=\"OLYMPUS DIGITAL CAMERA\"\n\t\t\t\t\t\t     src=\"\" data-image=\"https:\/\/www.sy-maya.de\/home\/wp-content\/uploads\/2019\/04\/P4035541.jpg\"\n\t\t\t\t\t\t     data-thumb=\"https:\/\/www.sy-maya.de\/home\/wp-content\/uploads\/2019\/04\/P4035541-300x200.jpg\"\n\t\t\t\t\t\t     title=\"\"\n\t\t\t\t\t\t     style=\"display:none\">\n\n\t\t\t\t\t\t<img alt=\"OLYMPUS DIGITAL CAMERA\"\n\t\t\t\t\t\t     src=\"\" data-image=\"https:\/\/www.sy-maya.de\/home\/wp-content\/uploads\/2019\/04\/P4035554.jpg\"\n\t\t\t\t\t\t     data-thumb=\"https:\/\/www.sy-maya.de\/home\/wp-content\/uploads\/2019\/04\/P4035554-300x200.jpg\"\n\t\t\t\t\t\t     title=\"\"\n\t\t\t\t\t\t     style=\"display:none\">\n\n\t\t\t\t\t\t<img alt=\"OLYMPUS DIGITAL CAMERA\"\n\t\t\t\t\t\t     src=\"\" data-image=\"https:\/\/www.sy-maya.de\/home\/wp-content\/uploads\/2019\/04\/P4035569.jpg\"\n\t\t\t\t\t\t     data-thumb=\"https:\/\/www.sy-maya.de\/home\/wp-content\/uploads\/2019\/04\/P4035569-300x200.jpg\"\n\t\t\t\t\t\t     title=\"\"\n\t\t\t\t\t\t     style=\"display:none\">\n\n\t\t\t\t\t\t<img alt=\"OLYMPUS DIGITAL CAMERA\"\n\t\t\t\t\t\t     src=\"\" data-image=\"https:\/\/www.sy-maya.de\/home\/wp-content\/uploads\/2019\/04\/P4035582.jpg\"\n\t\t\t\t\t\t     data-thumb=\"https:\/\/www.sy-maya.de\/home\/wp-content\/uploads\/2019\/04\/P4035582-300x200.jpg\"\n\t\t\t\t\t\t     title=\"\"\n\t\t\t\t\t\t     style=\"display:none\">\n\n\t\t\t\t\t\t<img alt=\"Segel\"\n\t\t\t\t\t\t     src=\"\" data-image=\"https:\/\/www.sy-maya.de\/home\/wp-content\/uploads\/2019\/04\/P4045613-e1556096955879.jpg\"\n\t\t\t\t\t\t     data-thumb=\"https:\/\/www.sy-maya.de\/home\/wp-content\/uploads\/2019\/04\/P4045613-e1556096955879-200x300.jpg\"\n\t\t\t\t\t\t     title=\"\"\n\t\t\t\t\t\t     style=\"display:none\">\n\n\t\t\t\t\t\t<img alt=\"OLYMPUS DIGITAL CAMERA\"\n\t\t\t\t\t\t     src=\"\" data-image=\"https:\/\/www.sy-maya.de\/home\/wp-content\/uploads\/2019\/04\/P4055656.jpg\"\n\t\t\t\t\t\t     data-thumb=\"https:\/\/www.sy-maya.de\/home\/wp-content\/uploads\/2019\/04\/P4055656-300x200.jpg\"\n\t\t\t\t\t\t     title=\"\"\n\t\t\t\t\t\t     style=\"display:none\">\n\n\t\t\t\t\t\t<img alt=\"OLYMPUS DIGITAL CAMERA\"\n\t\t\t\t\t\t     src=\"\" data-image=\"https:\/\/www.sy-maya.de\/home\/wp-content\/uploads\/2019\/04\/P4055685.jpg\"\n\t\t\t\t\t\t     data-thumb=\"https:\/\/www.sy-maya.de\/home\/wp-content\/uploads\/2019\/04\/P4055685-300x200.jpg\"\n\t\t\t\t\t\t     title=\"\"\n\t\t\t\t\t\t     style=\"display:none\">\n\n\t\t\t\t\t\t<img alt=\"OLYMPUS DIGITAL CAMERA\"\n\t\t\t\t\t\t     src=\"\" data-image=\"https:\/\/www.sy-maya.de\/home\/wp-content\/uploads\/2019\/04\/P4055701.jpg\"\n\t\t\t\t\t\t     data-thumb=\"https:\/\/www.sy-maya.de\/home\/wp-content\/uploads\/2019\/04\/P4055701-300x200.jpg\"\n\t\t\t\t\t\t     title=\"\"\n\t\t\t\t\t\t     style=\"display:none\">\n\n\t\t\t\t\t\t<img alt=\"OLYMPUS DIGITAL CAMERA\"\n\t\t\t\t\t\t     src=\"\" data-image=\"https:\/\/www.sy-maya.de\/home\/wp-content\/uploads\/2019\/04\/P4055718.jpg\"\n\t\t\t\t\t\t     data-thumb=\"https:\/\/www.sy-maya.de\/home\/wp-content\/uploads\/2019\/04\/P4055718-300x200.jpg\"\n\t\t\t\t\t\t     title=\"\"\n\t\t\t\t\t\t     style=\"display:none\">\n\t\t\t<\/div>\n\n\n\t\t\t<!-- END UNITEGALLERY --><\/p>\n\n\n\n<p>Das Leben an Bord hat seinen eigenen Rhythmus, in den man\nauch erst reinfinden muss. Am Anfang haben wir ein paar Tage ben\u00f6tigt (mancher\nmehr, mancher weniger), um uns an das Schaukeln an Bord zu gew\u00f6hnen. Man\nversucht die freie Zeit immer mit etwas zu f\u00fcllen (lesen, kochen, aufr\u00e4umen und\nauch \u201eGeschwindigkeit beobachten, um die Ankunft zu berechnen\u201c), um die Passage\nm\u00f6glichst kurzweilig zu gestalten. Die ersten paar Tage hat Yana nur getr\u00e4umt\nm\u00f6glichst schnell anzukommen. Erst sp\u00e4ter haben wir verst\u00e4rkt angefangen das\nsegeln zu genie\u00dfen. Wir haben viel mehr Zeit drau\u00dfen verbracht und einfach die\nNatur beobachtet. Delphine haben wir nur am Anfang der Passage gesehen, sp\u00e4ter\naber dann fliegende Fische und fast jeden Tag auch V\u00f6gel (was uns etwas\n\u00fcberrascht hat &#8211; soweit vom Festland). <\/p>\n\n\n\n<p>Banale Sachen, die man am Festland ohne besonderen Aufwand macht, erfordern an Bord besondere Aufmerksamkeit, weil sich das Boot st\u00e4ndig bewegt und das nicht nur nach vorne, sondern auch von links nach rechts und von rechts nach links. Wirklich IMMER! \u2013 wenn auch manchmal mehr und manchmal weniger. Mehrmals haben wir erlebt, dass das Essen aus dem Teller fliegt oder ein Kaffee nach dem kochen gleich nochmal gekocht werden muss, weil er ausgelaufen ist. Im t\u00e4glichen Leben an Bord lernt man geduldiger zu werden. Aber immerhin hatten wir offenbar ein gutes Wetterfenster erwischt, da wir auf der \u00dcberfahrt keine Squalls, kein Schwerwetter und nur wenig Schwachwind und Regen erlebt haben. Den Motor haben wir entsprechend nur sehr wenig &#8211; ganz am Anfang und am Ende der Passage &#8211; benutzt. Dazwischen wurden wir mit einer wundersch\u00f6nen Zeit unter Segeln belohnt. Daf\u00fcr mussten wir allerdings den stabilen Passat relativ weit s\u00fcdlich \u201esuchen\u201c (wodurch wir allerdings auch den, urspr\u00fcnglich nicht geplanten, Stopp auf den Kapverden machen konnten). Wir haben von Leuten geh\u00f6rt, die auch um diese Zeit (etwas vor uns), von den Kanaren den \u201edirekten Weg\u201c gesegelt sind und in einem gro\u00dfen Flautengebiet \u201egehangen\u201c haben und dadurch deutlich l\u00e4nger unterwegs waren als wir mit diesem Umweg und dem sch\u00f6nen Zwischenstopp. <\/p>\n\n\n<p>\r\n\t\t\t\t\t\n\r\n\t\t\t\t\t<!-- START UNITE GALLERY 1.7.62 -->\r\n\t\t\t\t\t\r\n\t\t\t\t\n\t\t\t<div id='unitegallery_37_4' class='unite-gallery' style='margin:0px auto;'>\n\t\t\t\t\n\n\t\t\t\t\t\t<img alt=\"OLYMPUS DIGITAL CAMERA\"\n\t\t\t\t\t\t     src=\"\" data-image=\"https:\/\/www.sy-maya.de\/home\/wp-content\/uploads\/2019\/04\/P4196069.jpg\"\n\t\t\t\t\t\t     data-thumb=\"https:\/\/www.sy-maya.de\/home\/wp-content\/uploads\/2019\/04\/P4196069-300x200.jpg\"\n\t\t\t\t\t\t     title=\"\"\n\t\t\t\t\t\t     style=\"display:none\">\n\n\t\t\t\t\t\t<img alt=\"20190416_182536\"\n\t\t\t\t\t\t     src=\"\" data-image=\"https:\/\/www.sy-maya.de\/home\/wp-content\/uploads\/2019\/04\/20190416_182536-e1556108968596.jpg\"\n\t\t\t\t\t\t     data-thumb=\"https:\/\/www.sy-maya.de\/home\/wp-content\/uploads\/2019\/04\/20190416_182536-e1556108968596-300x225.jpg\"\n\t\t\t\t\t\t     title=\"\"\n\t\t\t\t\t\t     style=\"display:none\">\n\n\t\t\t\t\t\t<img alt=\"20190419_205638\"\n\t\t\t\t\t\t     src=\"\" data-image=\"https:\/\/www.sy-maya.de\/home\/wp-content\/uploads\/2019\/04\/20190419_205638-e1556223023416.jpg\"\n\t\t\t\t\t\t     data-thumb=\"https:\/\/www.sy-maya.de\/home\/wp-content\/uploads\/2019\/04\/20190419_205638-e1556223023416-300x300.jpg\"\n\t\t\t\t\t\t     title=\"\"\n\t\t\t\t\t\t     style=\"display:none\">\n\n\t\t\t\t\t\t<img alt=\"OLYMPUS DIGITAL CAMERA\"\n\t\t\t\t\t\t     src=\"\" data-image=\"https:\/\/www.sy-maya.de\/home\/wp-content\/uploads\/2019\/04\/P4196069-1.jpg\"\n\t\t\t\t\t\t     data-thumb=\"https:\/\/www.sy-maya.de\/home\/wp-content\/uploads\/2019\/04\/P4196069-1-300x200.jpg\"\n\t\t\t\t\t\t     title=\"\"\n\t\t\t\t\t\t     style=\"display:none\">\n\n\t\t\t\t\t\t<img alt=\"OLYMPUS DIGITAL CAMERA\"\n\t\t\t\t\t\t     src=\"\" data-image=\"https:\/\/www.sy-maya.de\/home\/wp-content\/uploads\/2019\/04\/P4196075.jpg\"\n\t\t\t\t\t\t     data-thumb=\"https:\/\/www.sy-maya.de\/home\/wp-content\/uploads\/2019\/04\/P4196075-300x200.jpg\"\n\t\t\t\t\t\t     title=\"\"\n\t\t\t\t\t\t     style=\"display:none\">\n\n\t\t\t\t\t\t<img alt=\"OLYMPUS DIGITAL CAMERA\"\n\t\t\t\t\t\t     src=\"\" data-image=\"https:\/\/www.sy-maya.de\/home\/wp-content\/uploads\/2019\/04\/P4206117.jpg\"\n\t\t\t\t\t\t     data-thumb=\"https:\/\/www.sy-maya.de\/home\/wp-content\/uploads\/2019\/04\/P4206117-300x200.jpg\"\n\t\t\t\t\t\t     title=\"\"\n\t\t\t\t\t\t     style=\"display:none\">\n\n\t\t\t\t\t\t<img alt=\"OLYMPUS DIGITAL CAMERA\"\n\t\t\t\t\t\t     src=\"\" data-image=\"https:\/\/www.sy-maya.de\/home\/wp-content\/uploads\/2019\/04\/P4206143.jpg\"\n\t\t\t\t\t\t     data-thumb=\"https:\/\/www.sy-maya.de\/home\/wp-content\/uploads\/2019\/04\/P4206143-300x200.jpg\"\n\t\t\t\t\t\t     title=\"\"\n\t\t\t\t\t\t     style=\"display:none\">\n\n\t\t\t\t\t\t<img alt=\"OLYMPUS DIGITAL CAMERA\"\n\t\t\t\t\t\t     src=\"\" data-image=\"https:\/\/www.sy-maya.de\/home\/wp-content\/uploads\/2019\/04\/P4206188-e1556109130888.jpg\"\n\t\t\t\t\t\t     data-thumb=\"https:\/\/www.sy-maya.de\/home\/wp-content\/uploads\/2019\/04\/P4206188-e1556109130888-200x300.jpg\"\n\t\t\t\t\t\t     title=\"\"\n\t\t\t\t\t\t     style=\"display:none\">\n\n\t\t\t\t\t\t<img alt=\"Transatlantik_ - 11\"\n\t\t\t\t\t\t     src=\"\" data-image=\"https:\/\/www.sy-maya.de\/home\/wp-content\/uploads\/2019\/04\/Transatlantik_-11.jpg\"\n\t\t\t\t\t\t     data-thumb=\"https:\/\/www.sy-maya.de\/home\/wp-content\/uploads\/2019\/04\/Transatlantik_-11-300x225.jpg\"\n\t\t\t\t\t\t     title=\"\"\n\t\t\t\t\t\t     style=\"display:none\">\n\n\t\t\t\t\t\t<img alt=\"Transatlantik_ - 18\"\n\t\t\t\t\t\t     src=\"\" data-image=\"https:\/\/www.sy-maya.de\/home\/wp-content\/uploads\/2019\/04\/Transatlantik_-18.jpg\"\n\t\t\t\t\t\t     data-thumb=\"https:\/\/www.sy-maya.de\/home\/wp-content\/uploads\/2019\/04\/Transatlantik_-18-225x300.jpg\"\n\t\t\t\t\t\t     title=\"\"\n\t\t\t\t\t\t     style=\"display:none\">\n\n\t\t\t\t\t\t<img alt=\"Transatlantik_ - 19\"\n\t\t\t\t\t\t     src=\"\" data-image=\"https:\/\/www.sy-maya.de\/home\/wp-content\/uploads\/2019\/04\/Transatlantik_-19.jpg\"\n\t\t\t\t\t\t     data-thumb=\"https:\/\/www.sy-maya.de\/home\/wp-content\/uploads\/2019\/04\/Transatlantik_-19-225x300.jpg\"\n\t\t\t\t\t\t     title=\"\"\n\t\t\t\t\t\t     style=\"display:none\">\n\n\t\t\t\t\t\t<img alt=\"20190416_193009\"\n\t\t\t\t\t\t     src=\"\" data-image=\"https:\/\/www.sy-maya.de\/home\/wp-content\/uploads\/2019\/04\/20190416_193009-e1556109374944.jpg\"\n\t\t\t\t\t\t     data-thumb=\"https:\/\/www.sy-maya.de\/home\/wp-content\/uploads\/2019\/04\/20190416_193009-e1556109374944-225x300.jpg\"\n\t\t\t\t\t\t     title=\"\"\n\t\t\t\t\t\t     style=\"display:none\">\n\t\t\t<\/div>\n\n\n\t\t\t<!-- END UNITEGALLERY --><\/p>\n\n\n\n<p>Toll, wir haben es geschafft! Wir freuen uns sehr, dass wir\ndie erste Ozean\u00fcberquerung mit der Maya geschafft haben und alles so gut geklappt\nhat. Trotz der eher leichten Bedingungen sind wir etwas stolz und bereit die\nVorbereitungen f\u00fcr unsere weitere Reise zu treffen.<\/p>\n\n\n\n<p>Insgesamt haben wir ca. 15 1\/2 Tage auf See verbracht und\ndabei \u00fcber 2000 Seemeilen zur\u00fcckgelegt.<\/p>\n","protected":false},"excerpt":{"rendered":"<p>Wir starten erst sp\u00e4t am Abend, weil es in der Marina Probleme mit der Wasserversorgung gab und wir nicht mit leeren Tanks starten wollten (obwohl wir auch einen Wassermacher an [&hellip;]<\/p>\n","protected":false},"author":3,"featured_media":0,"comment_status":"open","ping_status":"open","sticky":false,"template":"","format":"standard","meta":{"_exactmetrics_skip_tracking":false,"_exactmetrics_sitenote_active":false,"_exactmetrics_sitenote_note":"","_exactmetrics_sitenote_category":0,"footnotes":""},"categories":[168,1,140,171,26],"tags":[],"yoast_head":"<!-- This site is optimized with the Yoast SEO plugin v23.5 - https:\/\/yoast.com\/wordpress\/plugins\/seo\/ -->\n<title>Transatlantikpassage \u2013 von den Kapverden in die Karibik &#8211; SY-Maya.de<\/title>\n<meta name=\"description\" content=\"Unsere Atlantik\u00fcberquerung von Mindelo nach Barbados. 15 1\/2 Tage auf See! Wir freuen uns sehr, dass wir die erste Ozean\u00fcberquerung geschafft haben!\" \/>\n<meta name=\"robots\" content=\"index, follow, max-snippet:-1, max-image-preview:large, max-video-preview:-1\" \/>\n<link rel=\"canonical\" href=\"https:\/\/www.sy-maya.de\/home\/2019\/04\/23\/transatlantikpassage-von-den-kapverden-in-die-karibik\/\" \/>\n<meta property=\"og:locale\" content=\"de_DE\" \/>\n<meta property=\"og:type\" content=\"article\" \/>\n<meta property=\"og:title\" content=\"Transatlantikpassage \u2013 von den Kapverden in die Karibik &#8211; SY-Maya.de\" \/>\n<meta property=\"og:description\" content=\"Unsere Atlantik\u00fcberquerung von Mindelo nach Barbados. 15 1\/2 Tage auf See! Wir freuen uns sehr, dass wir die erste Ozean\u00fcberquerung geschafft haben!\" \/>\n<meta property=\"og:url\" content=\"https:\/\/www.sy-maya.de\/home\/2019\/04\/23\/transatlantikpassage-von-den-kapverden-in-die-karibik\/\" \/>\n<meta property=\"og:site_name\" content=\"SY-Maya.de\" \/>\n<meta property=\"article:published_time\" content=\"2019-04-23T10:47:01+00:00\" \/>\n<meta property=\"article:modified_time\" content=\"2019-07-18T02:41:38+00:00\" \/>\n<meta name=\"author\" content=\"Tobias\" \/>\n<meta name=\"twitter:card\" content=\"summary_large_image\" \/>\n<meta name=\"twitter:label1\" content=\"Verfasst von\" \/>\n\t<meta name=\"twitter:data1\" content=\"Tobias\" \/>\n\t<meta name=\"twitter:label2\" content=\"Gesch\u00e4tzte Lesezeit\" \/>\n\t<meta name=\"twitter:data2\" content=\"4\u00a0Minuten\" \/>\n<script type=\"application\/ld+json\" class=\"yoast-schema-graph\">{\"@context\":\"https:\/\/schema.org\",\"@graph\":[{\"@type\":\"Article\",\"@id\":\"https:\/\/www.sy-maya.de\/home\/2019\/04\/23\/transatlantikpassage-von-den-kapverden-in-die-karibik\/#article\",\"isPartOf\":{\"@id\":\"https:\/\/www.sy-maya.de\/home\/2019\/04\/23\/transatlantikpassage-von-den-kapverden-in-die-karibik\/\"},\"author\":{\"name\":\"Tobias\",\"@id\":\"https:\/\/www.sy-maya.de\/home\/#\/schema\/person\/c5267d9235b4e39503e75a219168c270\"},\"headline\":\"Transatlantikpassage \u2013 von den Kapverden in die Karibik\",\"datePublished\":\"2019-04-23T10:47:01+00:00\",\"dateModified\":\"2019-07-18T02:41:38+00:00\",\"mainEntityOfPage\":{\"@id\":\"https:\/\/www.sy-maya.de\/home\/2019\/04\/23\/transatlantikpassage-von-den-kapverden-in-die-karibik\/\"},\"wordCount\":814,\"commentCount\":4,\"publisher\":{\"@id\":\"https:\/\/www.sy-maya.de\/home\/#\/schema\/person\/c5267d9235b4e39503e75a219168c270\"},\"articleSection\":{\"0\":\"Afrika\",\"2\":\"Atlantik\",\"3\":\"Karibik\",\"4\":\"Leben-an-Board\"},\"inLanguage\":\"de\",\"potentialAction\":[{\"@type\":\"CommentAction\",\"name\":\"Comment\",\"target\":[\"https:\/\/www.sy-maya.de\/home\/2019\/04\/23\/transatlantikpassage-von-den-kapverden-in-die-karibik\/#respond\"]}]},{\"@type\":\"WebPage\",\"@id\":\"https:\/\/www.sy-maya.de\/home\/2019\/04\/23\/transatlantikpassage-von-den-kapverden-in-die-karibik\/\",\"url\":\"https:\/\/www.sy-maya.de\/home\/2019\/04\/23\/transatlantikpassage-von-den-kapverden-in-die-karibik\/\",\"name\":\"Transatlantikpassage \u2013 von den Kapverden in die Karibik &#8211; SY-Maya.de\",\"isPartOf\":{\"@id\":\"https:\/\/www.sy-maya.de\/home\/#website\"},\"datePublished\":\"2019-04-23T10:47:01+00:00\",\"dateModified\":\"2019-07-18T02:41:38+00:00\",\"description\":\"Unsere Atlantik\u00fcberquerung von Mindelo nach Barbados. 15 1\/2 Tage auf See! Wir freuen uns sehr, dass wir die erste Ozean\u00fcberquerung geschafft haben!\",\"breadcrumb\":{\"@id\":\"https:\/\/www.sy-maya.de\/home\/2019\/04\/23\/transatlantikpassage-von-den-kapverden-in-die-karibik\/#breadcrumb\"},\"inLanguage\":\"de\",\"potentialAction\":[{\"@type\":\"ReadAction\",\"target\":[\"https:\/\/www.sy-maya.de\/home\/2019\/04\/23\/transatlantikpassage-von-den-kapverden-in-die-karibik\/\"]}]},{\"@type\":\"BreadcrumbList\",\"@id\":\"https:\/\/www.sy-maya.de\/home\/2019\/04\/23\/transatlantikpassage-von-den-kapverden-in-die-karibik\/#breadcrumb\",\"itemListElement\":[{\"@type\":\"ListItem\",\"position\":1,\"name\":\"Startseite\",\"item\":\"https:\/\/www.sy-maya.de\/home\/\"},{\"@type\":\"ListItem\",\"position\":2,\"name\":\"Transatlantikpassage \u2013 von den Kapverden in die Karibik\"}]},{\"@type\":\"WebSite\",\"@id\":\"https:\/\/www.sy-maya.de\/home\/#website\",\"url\":\"https:\/\/www.sy-maya.de\/home\/\",\"name\":\"SY-Maya.de\",\"description\":\"Cruising and Living\",\"publisher\":{\"@id\":\"https:\/\/www.sy-maya.de\/home\/#\/schema\/person\/c5267d9235b4e39503e75a219168c270\"},\"potentialAction\":[{\"@type\":\"SearchAction\",\"target\":{\"@type\":\"EntryPoint\",\"urlTemplate\":\"https:\/\/www.sy-maya.de\/home\/?s={search_term_string}\"},\"query-input\":{\"@type\":\"PropertyValueSpecification\",\"valueRequired\":true,\"valueName\":\"search_term_string\"}}],\"inLanguage\":\"de\"},{\"@type\":[\"Person\",\"Organization\"],\"@id\":\"https:\/\/www.sy-maya.de\/home\/#\/schema\/person\/c5267d9235b4e39503e75a219168c270\",\"name\":\"Tobias\",\"image\":{\"@type\":\"ImageObject\",\"inLanguage\":\"de\",\"@id\":\"https:\/\/www.sy-maya.de\/home\/#\/schema\/person\/image\/\",\"url\":\"https:\/\/www.sy-maya.de\/home\/wp-content\/uploads\/2018\/02\/cropped-SY-Maya150x150-1.png\",\"contentUrl\":\"https:\/\/www.sy-maya.de\/home\/wp-content\/uploads\/2018\/02\/cropped-SY-Maya150x150-1.png\",\"width\":150,\"height\":150,\"caption\":\"Tobias\"},\"logo\":{\"@id\":\"https:\/\/www.sy-maya.de\/home\/#\/schema\/person\/image\/\"},\"url\":\"https:\/\/www.sy-maya.de\/home\/author\/tobias_e\/\"}]}<\/script>\n<!-- \/ Yoast SEO plugin. -->","yoast_head_json":{"title":"Transatlantikpassage \u2013 von den Kapverden in die Karibik &#8211; SY-Maya.de","description":"Unsere Atlantik\u00fcberquerung von Mindelo nach Barbados. 15 1\/2 Tage auf See! Wir freuen uns sehr, dass wir die erste Ozean\u00fcberquerung geschafft haben!","robots":{"index":"index","follow":"follow","max-snippet":"max-snippet:-1","max-image-preview":"max-image-preview:large","max-video-preview":"max-video-preview:-1"},"canonical":"https:\/\/www.sy-maya.de\/home\/2019\/04\/23\/transatlantikpassage-von-den-kapverden-in-die-karibik\/","og_locale":"de_DE","og_type":"article","og_title":"Transatlantikpassage \u2013 von den Kapverden in die Karibik &#8211; SY-Maya.de","og_description":"Unsere Atlantik\u00fcberquerung von Mindelo nach Barbados. 15 1\/2 Tage auf See! Wir freuen uns sehr, dass wir die erste Ozean\u00fcberquerung geschafft haben!","og_url":"https:\/\/www.sy-maya.de\/home\/2019\/04\/23\/transatlantikpassage-von-den-kapverden-in-die-karibik\/","og_site_name":"SY-Maya.de","article_published_time":"2019-04-23T10:47:01+00:00","article_modified_time":"2019-07-18T02:41:38+00:00","author":"Tobias","twitter_card":"summary_large_image","twitter_misc":{"Verfasst von":"Tobias","Gesch\u00e4tzte Lesezeit":"4\u00a0Minuten"},"schema":{"@context":"https:\/\/schema.org","@graph":[{"@type":"Article","@id":"https:\/\/www.sy-maya.de\/home\/2019\/04\/23\/transatlantikpassage-von-den-kapverden-in-die-karibik\/#article","isPartOf":{"@id":"https:\/\/www.sy-maya.de\/home\/2019\/04\/23\/transatlantikpassage-von-den-kapverden-in-die-karibik\/"},"author":{"name":"Tobias","@id":"https:\/\/www.sy-maya.de\/home\/#\/schema\/person\/c5267d9235b4e39503e75a219168c270"},"headline":"Transatlantikpassage \u2013 von den Kapverden in die Karibik","datePublished":"2019-04-23T10:47:01+00:00","dateModified":"2019-07-18T02:41:38+00:00","mainEntityOfPage":{"@id":"https:\/\/www.sy-maya.de\/home\/2019\/04\/23\/transatlantikpassage-von-den-kapverden-in-die-karibik\/"},"wordCount":814,"commentCount":4,"publisher":{"@id":"https:\/\/www.sy-maya.de\/home\/#\/schema\/person\/c5267d9235b4e39503e75a219168c270"},"articleSection":{"0":"Afrika","2":"Atlantik","3":"Karibik","4":"Leben-an-Board"},"inLanguage":"de","potentialAction":[{"@type":"CommentAction","name":"Comment","target":["https:\/\/www.sy-maya.de\/home\/2019\/04\/23\/transatlantikpassage-von-den-kapverden-in-die-karibik\/#respond"]}]},{"@type":"WebPage","@id":"https:\/\/www.sy-maya.de\/home\/2019\/04\/23\/transatlantikpassage-von-den-kapverden-in-die-karibik\/","url":"https:\/\/www.sy-maya.de\/home\/2019\/04\/23\/transatlantikpassage-von-den-kapverden-in-die-karibik\/","name":"Transatlantikpassage \u2013 von den Kapverden in die Karibik &#8211; SY-Maya.de","isPartOf":{"@id":"https:\/\/www.sy-maya.de\/home\/#website"},"datePublished":"2019-04-23T10:47:01+00:00","dateModified":"2019-07-18T02:41:38+00:00","description":"Unsere Atlantik\u00fcberquerung von Mindelo nach Barbados. 15 1\/2 Tage auf See! Wir freuen uns sehr, dass wir die erste Ozean\u00fcberquerung geschafft haben!","breadcrumb":{"@id":"https:\/\/www.sy-maya.de\/home\/2019\/04\/23\/transatlantikpassage-von-den-kapverden-in-die-karibik\/#breadcrumb"},"inLanguage":"de","potentialAction":[{"@type":"ReadAction","target":["https:\/\/www.sy-maya.de\/home\/2019\/04\/23\/transatlantikpassage-von-den-kapverden-in-die-karibik\/"]}]},{"@type":"BreadcrumbList","@id":"https:\/\/www.sy-maya.de\/home\/2019\/04\/23\/transatlantikpassage-von-den-kapverden-in-die-karibik\/#breadcrumb","itemListElement":[{"@type":"ListItem","position":1,"name":"Startseite","item":"https:\/\/www.sy-maya.de\/home\/"},{"@type":"ListItem","position":2,"name":"Transatlantikpassage \u2013 von den Kapverden in die Karibik"}]},{"@type":"WebSite","@id":"https:\/\/www.sy-maya.de\/home\/#website","url":"https:\/\/www.sy-maya.de\/home\/","name":"SY-Maya.de","description":"Cruising and Living","publisher":{"@id":"https:\/\/www.sy-maya.de\/home\/#\/schema\/person\/c5267d9235b4e39503e75a219168c270"},"potentialAction":[{"@type":"SearchAction","target":{"@type":"EntryPoint","urlTemplate":"https:\/\/www.sy-maya.de\/home\/?s={search_term_string}"},"query-input":{"@type":"PropertyValueSpecification","valueRequired":true,"valueName":"search_term_string"}}],"inLanguage":"de"},{"@type":["Person","Organization"],"@id":"https:\/\/www.sy-maya.de\/home\/#\/schema\/person\/c5267d9235b4e39503e75a219168c270","name":"Tobias","image":{"@type":"ImageObject","inLanguage":"de","@id":"https:\/\/www.sy-maya.de\/home\/#\/schema\/person\/image\/","url":"https:\/\/www.sy-maya.de\/home\/wp-content\/uploads\/2018\/02\/cropped-SY-Maya150x150-1.png","contentUrl":"https:\/\/www.sy-maya.de\/home\/wp-content\/uploads\/2018\/02\/cropped-SY-Maya150x150-1.png","width":150,"height":150,"caption":"Tobias"},"logo":{"@id":"https:\/\/www.sy-maya.de\/home\/#\/schema\/person\/image\/"},"url":"https:\/\/www.sy-maya.de\/home\/author\/tobias_e\/"}]}},"_links":{"self":[{"href":"https:\/\/www.sy-maya.de\/home\/wp-json\/wp\/v2\/posts\/1189"}],"collection":[{"href":"https:\/\/www.sy-maya.de\/home\/wp-json\/wp\/v2\/posts"}],"about":[{"href":"https:\/\/www.sy-maya.de\/home\/wp-json\/wp\/v2\/types\/post"}],"author":[{"embeddable":true,"href":"https:\/\/www.sy-maya.de\/home\/wp-json\/wp\/v2\/users\/3"}],"replies":[{"embeddable":true,"href":"https:\/\/www.sy-maya.de\/home\/wp-json\/wp\/v2\/comments?post=1189"}],"version-history":[{"count":2,"href":"https:\/\/www.sy-maya.de\/home\/wp-json\/wp\/v2\/posts\/1189\/revisions"}],"predecessor-version":[{"id":1247,"href":"https:\/\/www.sy-maya.de\/home\/wp-json\/wp\/v2\/posts\/1189\/revisions\/1247"}],"wp:attachment":[{"href":"https:\/\/www.sy-maya.de\/home\/wp-json\/wp\/v2\/media?parent=1189"}],"wp:term":[{"taxonomy":"category","embeddable":true,"href":"https:\/\/www.sy-maya.de\/home\/wp-json\/wp\/v2\/categories?post=1189"},{"taxonomy":"post_tag","embeddable":true,"href":"https:\/\/www.sy-maya.de\/home\/wp-json\/wp\/v2\/tags?post=1189"}],"curies":[{"name":"wp","href":"https:\/\/api.w.org\/{rel}","templated":true}]}}