{"id":1729,"date":"2019-09-04T04:32:17","date_gmt":"2019-09-04T02:32:17","guid":{"rendered":"https:\/\/www.sy-maya.de\/home\/?p=1729"},"modified":"2019-10-17T16:59:11","modified_gmt":"2019-10-17T14:59:11","slug":"die-passage-von-curacao-nach-kolumbien","status":"publish","type":"post","link":"https:\/\/www.sy-maya.de\/home\/2019\/09\/04\/die-passage-von-curacao-nach-kolumbien\/","title":{"rendered":"Die Passage von Cura\u00e7ao nach Kolumbien"},"content":{"rendered":"\n<p>Unsere \u00dcberfahrt von Cura\u00e7ao nach Puerto Velero in Kolumbien war eine sch\u00f6ne und schnelle Segelreise. Wir machten zun\u00e4chst eine erste kleine Tagestour von Spanish Water nach Santa Cruz, einer sch\u00f6nen Bucht im Westen von Curacao und ein guter Ausgangspunkt f\u00fcr T\u00f6rns nach Aruba (wo wir bereits waren, daher haben wir beschlossen, es diesmal zu \u00fcberspringen) oder nach Kolumbien. <br>Bei Bucht Santa Cruz bietet in der n\u00e4heren Umgebung einige interessante Dinge entdecken. Es gibt zum Beispiel eine sch\u00f6ne Stelle zum Klippenspringen oder die blaue H\u00f6hle, die ein sch\u00f6ner Platz zum Schnorcheln ist. Wir haben die blaue H\u00f6hle mit einigen Freunden in unserem neuen Dingi besucht und es sehr genossen.<\/p>\n\n\n<p>\r\n\t\t\t\t\t\n\r\n\t\t\t\t\t<!-- START UNITE GALLERY 1.7.62 -->\r\n\t\t\t\t\t\r\n\t\t\t\t\n\t\t\t<div id='unitegallery_55_1' class='unite-gallery' style='margin:0px auto;'>\n\t\t\t\t\n\n\t\t\t\t\t\t<img alt=\"Santa Cruz Curacao\"\n\t\t\t\t\t\t     src=\"\" data-image=\"https:\/\/www.sy-maya.de\/home\/wp-content\/uploads\/2019\/09\/Santa-Cruz-Curacao.jpg\"\n\t\t\t\t\t\t     data-thumb=\"https:\/\/www.sy-maya.de\/home\/wp-content\/uploads\/2019\/09\/Santa-Cruz-Curacao-300x142.jpg\"\n\t\t\t\t\t\t     title=\"\"\n\t\t\t\t\t\t     style=\"display:none\">\n\n\t\t\t\t\t\t<img alt=\"Santa Cruz Beach Curacao\"\n\t\t\t\t\t\t     src=\"\" data-image=\"https:\/\/www.sy-maya.de\/home\/wp-content\/uploads\/2019\/09\/Santa-Cruz-Beach-Curacao.jpg\"\n\t\t\t\t\t\t     data-thumb=\"https:\/\/www.sy-maya.de\/home\/wp-content\/uploads\/2019\/09\/Santa-Cruz-Beach-Curacao-300x142.jpg\"\n\t\t\t\t\t\t     title=\"\"\n\t\t\t\t\t\t     style=\"display:none\">\n\n\t\t\t\t\t\t<img alt=\"Santa Cruz Bay in the evening\"\n\t\t\t\t\t\t     src=\"\" data-image=\"https:\/\/www.sy-maya.de\/home\/wp-content\/uploads\/2019\/09\/Santa-Cruz-Sunset.jpg\"\n\t\t\t\t\t\t     data-thumb=\"https:\/\/www.sy-maya.de\/home\/wp-content\/uploads\/2019\/09\/Santa-Cruz-Sunset-300x200.jpg\"\n\t\t\t\t\t\t     title=\"\"\n\t\t\t\t\t\t     style=\"display:none\">\n\n\t\t\t\t\t\t<img alt=\"Blue Cave Curacao\"\n\t\t\t\t\t\t     src=\"\" data-image=\"https:\/\/www.sy-maya.de\/home\/wp-content\/uploads\/2019\/09\/Blue-Cave.jpg\"\n\t\t\t\t\t\t     data-thumb=\"https:\/\/www.sy-maya.de\/home\/wp-content\/uploads\/2019\/09\/Blue-Cave-300x225.jpg\"\n\t\t\t\t\t\t     title=\"\"\n\t\t\t\t\t\t     style=\"display:none\">\n\n\t\t\t\t\t\t<img alt=\"Blue Cave Curacao\"\n\t\t\t\t\t\t     src=\"\" data-image=\"https:\/\/www.sy-maya.de\/home\/wp-content\/uploads\/2019\/09\/Blue_Cave.jpg\"\n\t\t\t\t\t\t     data-thumb=\"https:\/\/www.sy-maya.de\/home\/wp-content\/uploads\/2019\/09\/Blue_Cave-300x225.jpg\"\n\t\t\t\t\t\t     title=\"\"\n\t\t\t\t\t\t     style=\"display:none\">\n\n\t\t\t\t\t\t<img alt=\"Blue Cave Curacao\"\n\t\t\t\t\t\t     src=\"\" data-image=\"https:\/\/www.sy-maya.de\/home\/wp-content\/uploads\/2019\/09\/Blue_Cave3.jpg\"\n\t\t\t\t\t\t     data-thumb=\"https:\/\/www.sy-maya.de\/home\/wp-content\/uploads\/2019\/09\/Blue_Cave3-300x225.jpg\"\n\t\t\t\t\t\t     title=\"\"\n\t\t\t\t\t\t     style=\"display:none\">\n\n\t\t\t\t\t\t<img alt=\"Departing Santa Cruz\"\n\t\t\t\t\t\t     src=\"\" data-image=\"https:\/\/www.sy-maya.de\/home\/wp-content\/uploads\/2019\/09\/Departing-Santa-Cruz.jpg\"\n\t\t\t\t\t\t     data-thumb=\"https:\/\/www.sy-maya.de\/home\/wp-content\/uploads\/2019\/09\/Departing-Santa-Cruz-142x300.jpg\"\n\t\t\t\t\t\t     title=\"\"\n\t\t\t\t\t\t     style=\"display:none\">\n\n\t\t\t\t\t\t<img alt=\"Foresail with spinnaker pole\"\n\t\t\t\t\t\t     src=\"\" data-image=\"https:\/\/www.sy-maya.de\/home\/wp-content\/uploads\/2019\/09\/Maya-Foresail.jpg\"\n\t\t\t\t\t\t     data-thumb=\"https:\/\/www.sy-maya.de\/home\/wp-content\/uploads\/2019\/09\/Maya-Foresail-300x200.jpg\"\n\t\t\t\t\t\t     title=\"\"\n\t\t\t\t\t\t     style=\"display:none\">\n\t\t\t<\/div>\n\n\t\t\t<script type='text\/javascript'>\n\t\t\t\twindow.onload = function(e) {\n\t\t\t\t\tif(typeof ugCheckForErrors == \"undefined\"){\n\t\t\t\t\t\tdocument.getElementById(\"unitegallery_55_1\").innerHTML = \"<span style='color:red'>Unite Gallery Error - gallery js and css files not included in the footer. Please make sure that wp_footer() function is added to your theme.<\/span>\";}\n\t\t\t\t\telse{ ugCheckForErrors(\"unitegallery_55_1\", \"jquery\");}\n\t\t\t\t};\n\t\t\t<\/script>\n\n\t\t\t<!-- END UNITEGALLERY --><\/p>\n\n\n\n<p>Nachdem wir Santa Cruz (und damit Cura\u00e7ao) verlassen hatten, genossen wir einen flotten Segelt\u00f6rn. Alles genossen? Vielleicht nicht alles. Gleich nach dem Start haben wir einen unsere Spinnaker-B\u00e4ume verloren, die wir auf Vorwindkursen f\u00fcr unsere Vorsegel verwenden. Auf Passatrouten verwenden wir oft zwei ausgebaumte Genuas. Also mussten wir ein &#8222;Spinnakerbaum\u00fcberbordman\u00f6ver&#8220; machen. Das war eine gute \u00dcbung, aber nicht unbedingt angenehm. <br>Von Cura\u00e7ao aus mussten wir zun\u00e4chst Aruba vorbei und dann das &#8222;Monjes&#8220;-Archipel passieren, das im Grunde genommen einige kahle Felsen in der Karibik sind. Auf einem von ihnen, Monjes del Sul, befindet sich eine kleine venezolanische K\u00fcstenwachstation und man kann einigen Fischern begegnen und einen kleinen Leuchtturm sehen &#8211; das wars. Alle anderen (Monjes del Este, Monjes del Norte\u2026) sind unbewohnt. In der Regel ist es m\u00f6glich, auf dem Monjes del Sul einen Zwischenstopp einzulegen, der es erm\u00f6glichen w\u00fcrde, die Fahrt von den ABC-Inseln nach Kolumbien in mehreren Schritten als Tagesetappen durchzuf\u00fchren. Wir haben uns jedoch entschieden, von Cura\u00e7ao nach Puerto Velero in einem Zug zu segeln. In der Regel eine Reise von 3 bis 4 Tagen mit einem Boot unserer Gr\u00f6\u00dfe. Wir haben uns daf\u00fcr entschieden, weil das Wetter f\u00fcr unseren T\u00f6rn sehr g\u00fcnstig erschien, also wollten wir die guten Bedingungen nutzen. Au\u00dferdem wollten wir wirklich so schnell wie m\u00f6glich nach Kolumbien kommen. Wir haben viel interessantes \u00fcber das Land geh\u00f6rt und gelesen.<\/p>\n\n\n<p>\r\n\t\t\t\t\t\n\r\n\t\t\t\t\t<!-- START UNITE GALLERY 1.7.62 -->\r\n\t\t\t\t\t\r\n\t\t\t\t\n\t\t\t<div id='unitegallery_56_2' class='unite-gallery' style='margin:0px auto;'>\n\t\t\t\t\n\n\t\t\t\t\t\t<img alt=\"Monjes Islands\"\n\t\t\t\t\t\t     src=\"\" data-image=\"https:\/\/www.sy-maya.de\/home\/wp-content\/uploads\/2019\/09\/Monjes-2.jpg\"\n\t\t\t\t\t\t     data-thumb=\"https:\/\/www.sy-maya.de\/home\/wp-content\/uploads\/2019\/09\/Monjes-2-300x200.jpg\"\n\t\t\t\t\t\t     title=\"\"\n\t\t\t\t\t\t     style=\"display:none\">\n\n\t\t\t\t\t\t<img alt=\"Monjes on Sea Map\"\n\t\t\t\t\t\t     src=\"\" data-image=\"https:\/\/www.sy-maya.de\/home\/wp-content\/uploads\/2019\/09\/Monjes-Map.jpg\"\n\t\t\t\t\t\t     data-thumb=\"https:\/\/www.sy-maya.de\/home\/wp-content\/uploads\/2019\/09\/Monjes-Map-300x200.jpg\"\n\t\t\t\t\t\t     title=\"\"\n\t\t\t\t\t\t     style=\"display:none\">\n\n\t\t\t\t\t\t<img alt=\"OLYMPUS DIGITAL CAMERA\"\n\t\t\t\t\t\t     src=\"\" data-image=\"https:\/\/www.sy-maya.de\/home\/wp-content\/uploads\/2019\/09\/Monjes.jpg\"\n\t\t\t\t\t\t     data-thumb=\"https:\/\/www.sy-maya.de\/home\/wp-content\/uploads\/2019\/09\/Monjes-300x200.jpg\"\n\t\t\t\t\t\t     title=\"\"\n\t\t\t\t\t\t     style=\"display:none\">\n\n\t\t\t\t\t\t<img alt=\"Jumping Dolphins\"\n\t\t\t\t\t\t     src=\"\" data-image=\"https:\/\/www.sy-maya.de\/home\/wp-content\/uploads\/2019\/09\/Jumping-Dolphins-e1567833229491.jpg\"\n\t\t\t\t\t\t     data-thumb=\"https:\/\/www.sy-maya.de\/home\/wp-content\/uploads\/2019\/09\/Jumping-Dolphins-e1567833229491-225x300.jpg\"\n\t\t\t\t\t\t     title=\"\"\n\t\t\t\t\t\t     style=\"display:none\">\n\n\t\t\t\t\t\t<img alt=\"More Dolphins 1\"\n\t\t\t\t\t\t     src=\"\" data-image=\"https:\/\/www.sy-maya.de\/home\/wp-content\/uploads\/2019\/09\/More-Dolphins-1.jpg\"\n\t\t\t\t\t\t     data-thumb=\"https:\/\/www.sy-maya.de\/home\/wp-content\/uploads\/2019\/09\/More-Dolphins-1-169x300.jpg\"\n\t\t\t\t\t\t     title=\"\"\n\t\t\t\t\t\t     style=\"display:none\">\n\n\t\t\t\t\t\t<img alt=\"More Dolphins\"\n\t\t\t\t\t\t     src=\"\" data-image=\"https:\/\/www.sy-maya.de\/home\/wp-content\/uploads\/2019\/09\/More-Dolphins.jpg\"\n\t\t\t\t\t\t     data-thumb=\"https:\/\/www.sy-maya.de\/home\/wp-content\/uploads\/2019\/09\/More-Dolphins-225x300.jpg\"\n\t\t\t\t\t\t     title=\"\"\n\t\t\t\t\t\t     style=\"display:none\">\n\n\t\t\t\t\t\t<img alt=\"More Dolphins 1\"\n\t\t\t\t\t\t     src=\"\" data-image=\"https:\/\/www.sy-maya.de\/home\/wp-content\/uploads\/2019\/09\/More-Dolphins-1-1.jpg\"\n\t\t\t\t\t\t     data-thumb=\"https:\/\/www.sy-maya.de\/home\/wp-content\/uploads\/2019\/09\/More-Dolphins-1-1-169x300.jpg\"\n\t\t\t\t\t\t     title=\"\"\n\t\t\t\t\t\t     style=\"display:none\">\n\n\t\t\t\t\t\t<img alt=\"Still dolphins\"\n\t\t\t\t\t\t     src=\"\" data-image=\"https:\/\/www.sy-maya.de\/home\/wp-content\/uploads\/2019\/09\/More-Dolphins-2.jpg\"\n\t\t\t\t\t\t     data-thumb=\"https:\/\/www.sy-maya.de\/home\/wp-content\/uploads\/2019\/09\/More-Dolphins-2-300x200.jpg\"\n\t\t\t\t\t\t     title=\"\"\n\t\t\t\t\t\t     style=\"display:none\">\n\n\t\t\t\t\t\t<img alt=\"More Dolphins 3\"\n\t\t\t\t\t\t     src=\"\" data-image=\"https:\/\/www.sy-maya.de\/home\/wp-content\/uploads\/2019\/09\/More-Dolphins-3.gif\"\n\t\t\t\t\t\t     data-thumb=\"https:\/\/www.sy-maya.de\/home\/wp-content\/uploads\/2019\/09\/More-Dolphins-3-169x300.gif\"\n\t\t\t\t\t\t     title=\"\"\n\t\t\t\t\t\t     style=\"display:none\">\n\t\t\t<\/div>\n\n\n\t\t\t<!-- END UNITEGALLERY --><\/p>\n\n\n\n<p>Am zweiten Tag erhielten wir Besuch von einer gr\u00f6\u00dferen Delphinschule. Bisher haben wir noch keine so gro\u00dfe Gruppe von Delfinen getroffen. Sie blieben eine ganze Weile und schienen es zu genie\u00dfen, mit Maya zu spielen. In der folgenden Nacht erlebten wir auch eine Invasion von fliegenden Fischen. Wir haben mehr als 10 fliegende Fische gerettet, die an Deck gesprungen sind und sie wieder ins Wasser gebracht, aber f\u00fcr noch mehr von ihnen war unsere Hilfe zu sp\u00e4t oder wir haben sie nicht sofort gesehen.<\/p>\n\n\n<p>\r\n\t\t\t\t\t\n\r\n\t\t\t\t\t<!-- START UNITE GALLERY 1.7.62 -->\r\n\t\t\t\t\t\r\n\t\t\t\t\n\t\t\t<div id='unitegallery_57_3' class='unite-gallery' style='margin:0px auto;'>\n\t\t\t\t\n\n\t\t\t\t\t\t<img alt=\"Sailing-Maya\"\n\t\t\t\t\t\t     src=\"\" data-image=\"https:\/\/www.sy-maya.de\/home\/wp-content\/uploads\/2019\/09\/Sailing-Maya.jpg\"\n\t\t\t\t\t\t     data-thumb=\"https:\/\/www.sy-maya.de\/home\/wp-content\/uploads\/2019\/09\/Sailing-Maya-300x200.jpg\"\n\t\t\t\t\t\t     title=\"\"\n\t\t\t\t\t\t     style=\"display:none\">\n\n\t\t\t\t\t\t<img alt=\"Sailing Maya Bluewater\"\n\t\t\t\t\t\t     src=\"\" data-image=\"https:\/\/www.sy-maya.de\/home\/wp-content\/uploads\/2019\/09\/Sailing-Maya-Bluewater.jpg\"\n\t\t\t\t\t\t     data-thumb=\"https:\/\/www.sy-maya.de\/home\/wp-content\/uploads\/2019\/09\/Sailing-Maya-Bluewater-169x300.jpg\"\n\t\t\t\t\t\t     title=\"\"\n\t\t\t\t\t\t     style=\"display:none\">\n\n\t\t\t\t\t\t<img alt=\"Sunrise at sea\"\n\t\t\t\t\t\t     src=\"\" data-image=\"https:\/\/www.sy-maya.de\/home\/wp-content\/uploads\/2019\/09\/Sunrise-at-sea.jpg\"\n\t\t\t\t\t\t     data-thumb=\"https:\/\/www.sy-maya.de\/home\/wp-content\/uploads\/2019\/09\/Sunrise-at-sea-300x200.jpg\"\n\t\t\t\t\t\t     title=\"\"\n\t\t\t\t\t\t     style=\"display:none\">\n\n\t\t\t\t\t\t<img alt=\"Sunset at sea\"\n\t\t\t\t\t\t     src=\"\" data-image=\"https:\/\/www.sy-maya.de\/home\/wp-content\/uploads\/2019\/09\/Sunset-at-sea-1.jpg\"\n\t\t\t\t\t\t     data-thumb=\"https:\/\/www.sy-maya.de\/home\/wp-content\/uploads\/2019\/09\/Sunset-at-sea-1-300x200.jpg\"\n\t\t\t\t\t\t     title=\"\"\n\t\t\t\t\t\t     style=\"display:none\">\n\n\t\t\t\t\t\t<img alt=\"River inflow makes the water unclear\"\n\t\t\t\t\t\t     src=\"\" data-image=\"https:\/\/www.sy-maya.de\/home\/wp-content\/uploads\/2019\/09\/River-inflow-makes-the-water-unclear.jpg\"\n\t\t\t\t\t\t     data-thumb=\"https:\/\/www.sy-maya.de\/home\/wp-content\/uploads\/2019\/09\/River-inflow-makes-the-water-unclear-300x200.jpg\"\n\t\t\t\t\t\t     title=\"\"\n\t\t\t\t\t\t     style=\"display:none\">\n\n\t\t\t\t\t\t<img alt=\"Approaching Colombia - Land in sight\"\n\t\t\t\t\t\t     src=\"\" data-image=\"https:\/\/www.sy-maya.de\/home\/wp-content\/uploads\/2019\/09\/Apporaching-Colombia-Land-in-sight.jpg\"\n\t\t\t\t\t\t     data-thumb=\"https:\/\/www.sy-maya.de\/home\/wp-content\/uploads\/2019\/09\/Apporaching-Colombia-Land-in-sight-300x200.jpg\"\n\t\t\t\t\t\t     title=\"\"\n\t\t\t\t\t\t     style=\"display:none\">\n\n\t\t\t\t\t\t<img alt=\"Approaching-Colombia-Call-the-marina-with-VHF\"\n\t\t\t\t\t\t     src=\"\" data-image=\"https:\/\/www.sy-maya.de\/home\/wp-content\/uploads\/2019\/09\/Approaching-Colombia-Call-the-marina-with-VHF.jpg\"\n\t\t\t\t\t\t     data-thumb=\"https:\/\/www.sy-maya.de\/home\/wp-content\/uploads\/2019\/09\/Approaching-Colombia-Call-the-marina-with-VHF-300x200.jpg\"\n\t\t\t\t\t\t     title=\"\"\n\t\t\t\t\t\t     style=\"display:none\">\n\n\t\t\t\t\t\t<img alt=\"Approaching-Colombia\"\n\t\t\t\t\t\t     src=\"\" data-image=\"https:\/\/www.sy-maya.de\/home\/wp-content\/uploads\/2019\/09\/Approaching-Colombia.jpg\"\n\t\t\t\t\t\t     data-thumb=\"https:\/\/www.sy-maya.de\/home\/wp-content\/uploads\/2019\/09\/Approaching-Colombia-300x200.jpg\"\n\t\t\t\t\t\t     title=\"\"\n\t\t\t\t\t\t     style=\"display:none\">\n\n\t\t\t\t\t\t<img alt=\"River inflow brings floating-bananas and even whole trees\"\n\t\t\t\t\t\t     src=\"\" data-image=\"https:\/\/www.sy-maya.de\/home\/wp-content\/uploads\/2019\/09\/River-inflow-brings-floating-bananas-and-even-whole-trees.jpg\"\n\t\t\t\t\t\t     data-thumb=\"https:\/\/www.sy-maya.de\/home\/wp-content\/uploads\/2019\/09\/River-inflow-brings-floating-bananas-and-even-whole-trees-300x200.jpg\"\n\t\t\t\t\t\t     title=\"\"\n\t\t\t\t\t\t     style=\"display:none\">\n\t\t\t<\/div>\n\n\n\t\t\t<!-- END UNITEGALLERY --><\/p>\n\n\n\n<p>Wir haben das Kap der Halbinsel de la Gaujira, das eigentlich f\u00fcr eher ruppige Bedinungen ber\u00fcchtigt ist, bei sehr angenehmen Bedingungen passiert. Sch\u00f6nes Segeln mit dem Wind ca. 4-5 Bft., Str\u00f6mung mit uns und relativ kleinen Wellen. Der letzte Teil nach dem Kap entlang der kolumbianischen K\u00fcste sollte sich dagegen eigentlich unter sehr ruhigen Bedingungen stattfinden. Die Wettervorhersage war, dass es in diesem Abschnitt sehr wenig Wind geben soll und wir bef\u00fcrchteten, dass wir m\u00f6glicherweise einn Teil der Strecke unter Motor zur\u00fccklegen m\u00fcssen. Allerdings hatten wir hier &#8211; etwas \u00fcberraschend &#8211; telweise sehr starke Winde. Das bedeutet, es war eine sehr schnelle Fahrt, aber mit den aufkommenden Wellen auch mal etwas rau. Erst als wir an Barranquilla vorbeikamen, beruhigte sich der Wind komplett und wir mussten den Motor starten, um die letzten Kilometer zur Marina zu fahren. Insgesamt waren wir deutlich weniger als 3 Tage unterwegs, was wir f\u00fcr eine Segelyacht wie unsere Maya ganz ordentlich finden.<\/p>\n\n\n\n<p>Die zur\u00fcckgelegte Strecke:<br>&#8211; von Spanish Water nach Santa Cruz: 23 NM.<br>&#8211; von Santa Cruz nach Puerto Velero: 365 NM.<\/p>\n","protected":false},"excerpt":{"rendered":"<p>Unsere \u00dcberfahrt von Cura\u00e7ao nach Puerto Velero in Kolumbien war eine sch\u00f6ne und schnelle Segelreise. Wir machten zun\u00e4chst eine erste kleine Tagestour von Spanish Water nach Santa Cruz, einer sch\u00f6nen [&hellip;]<\/p>\n","protected":false},"author":3,"featured_media":0,"comment_status":"open","ping_status":"open","sticky":false,"template":"","format":"standard","meta":{"_exactmetrics_skip_tracking":false,"_exactmetrics_sitenote_active":false,"_exactmetrics_sitenote_note":"","_exactmetrics_sitenote_category":0,"footnotes":""},"categories":[1,171,201],"tags":[],"yoast_head":"<!-- This site is optimized with the Yoast SEO plugin v23.5 - https:\/\/yoast.com\/wordpress\/plugins\/seo\/ -->\n<title>Die Passage von Cura\u00e7ao nach Kolumbien &#8211; SY-Maya.de<\/title>\n<meta name=\"description\" content=\"Die Passage von Cura\u00e7ao nach Puerto Velero in Kolumbien. Eine nette Blauwasser-Passage entlang der Halbinsel de la Gaujira, Aruba and Monjes Archipel.\" \/>\n<meta name=\"robots\" content=\"index, follow, max-snippet:-1, max-image-preview:large, max-video-preview:-1\" \/>\n<link rel=\"canonical\" href=\"https:\/\/www.sy-maya.de\/home\/2019\/09\/04\/die-passage-von-curacao-nach-kolumbien\/\" \/>\n<meta property=\"og:locale\" content=\"de_DE\" \/>\n<meta property=\"og:type\" content=\"article\" \/>\n<meta property=\"og:title\" content=\"Die Passage von Cura\u00e7ao nach Kolumbien &#8211; SY-Maya.de\" \/>\n<meta property=\"og:description\" content=\"Die Passage von Cura\u00e7ao nach Puerto Velero in Kolumbien. Eine nette Blauwasser-Passage entlang der Halbinsel de la Gaujira, Aruba and Monjes Archipel.\" \/>\n<meta property=\"og:url\" content=\"https:\/\/www.sy-maya.de\/home\/2019\/09\/04\/die-passage-von-curacao-nach-kolumbien\/\" \/>\n<meta property=\"og:site_name\" content=\"SY-Maya.de\" \/>\n<meta property=\"article:published_time\" content=\"2019-09-04T02:32:17+00:00\" \/>\n<meta property=\"article:modified_time\" content=\"2019-10-17T14:59:11+00:00\" \/>\n<meta name=\"author\" content=\"Tobias\" \/>\n<meta name=\"twitter:card\" content=\"summary_large_image\" \/>\n<meta name=\"twitter:label1\" content=\"Verfasst von\" \/>\n\t<meta name=\"twitter:data1\" content=\"Tobias\" \/>\n\t<meta name=\"twitter:label2\" content=\"Gesch\u00e4tzte Lesezeit\" \/>\n\t<meta name=\"twitter:data2\" content=\"3\u00a0Minuten\" \/>\n<script type=\"application\/ld+json\" class=\"yoast-schema-graph\">{\"@context\":\"https:\/\/schema.org\",\"@graph\":[{\"@type\":\"Article\",\"@id\":\"https:\/\/www.sy-maya.de\/home\/2019\/09\/04\/die-passage-von-curacao-nach-kolumbien\/#article\",\"isPartOf\":{\"@id\":\"https:\/\/www.sy-maya.de\/home\/2019\/09\/04\/die-passage-von-curacao-nach-kolumbien\/\"},\"author\":{\"name\":\"Tobias\",\"@id\":\"https:\/\/www.sy-maya.de\/home\/#\/schema\/person\/c5267d9235b4e39503e75a219168c270\"},\"headline\":\"Die Passage von Cura\u00e7ao nach Kolumbien\",\"datePublished\":\"2019-09-04T02:32:17+00:00\",\"dateModified\":\"2019-10-17T14:59:11+00:00\",\"mainEntityOfPage\":{\"@id\":\"https:\/\/www.sy-maya.de\/home\/2019\/09\/04\/die-passage-von-curacao-nach-kolumbien\/\"},\"wordCount\":657,\"commentCount\":0,\"publisher\":{\"@id\":\"https:\/\/www.sy-maya.de\/home\/#\/schema\/person\/c5267d9235b4e39503e75a219168c270\"},\"articleSection\":{\"1\":\"Karibik\",\"2\":\"Lateinamerika\"},\"inLanguage\":\"de\",\"potentialAction\":[{\"@type\":\"CommentAction\",\"name\":\"Comment\",\"target\":[\"https:\/\/www.sy-maya.de\/home\/2019\/09\/04\/die-passage-von-curacao-nach-kolumbien\/#respond\"]}]},{\"@type\":\"WebPage\",\"@id\":\"https:\/\/www.sy-maya.de\/home\/2019\/09\/04\/die-passage-von-curacao-nach-kolumbien\/\",\"url\":\"https:\/\/www.sy-maya.de\/home\/2019\/09\/04\/die-passage-von-curacao-nach-kolumbien\/\",\"name\":\"Die Passage von Cura\u00e7ao nach Kolumbien &#8211; SY-Maya.de\",\"isPartOf\":{\"@id\":\"https:\/\/www.sy-maya.de\/home\/#website\"},\"datePublished\":\"2019-09-04T02:32:17+00:00\",\"dateModified\":\"2019-10-17T14:59:11+00:00\",\"description\":\"Die Passage von Cura\u00e7ao nach Puerto Velero in Kolumbien. Eine nette Blauwasser-Passage entlang der Halbinsel de la Gaujira, Aruba and Monjes Archipel.\",\"breadcrumb\":{\"@id\":\"https:\/\/www.sy-maya.de\/home\/2019\/09\/04\/die-passage-von-curacao-nach-kolumbien\/#breadcrumb\"},\"inLanguage\":\"de\",\"potentialAction\":[{\"@type\":\"ReadAction\",\"target\":[\"https:\/\/www.sy-maya.de\/home\/2019\/09\/04\/die-passage-von-curacao-nach-kolumbien\/\"]}]},{\"@type\":\"BreadcrumbList\",\"@id\":\"https:\/\/www.sy-maya.de\/home\/2019\/09\/04\/die-passage-von-curacao-nach-kolumbien\/#breadcrumb\",\"itemListElement\":[{\"@type\":\"ListItem\",\"position\":1,\"name\":\"Startseite\",\"item\":\"https:\/\/www.sy-maya.de\/home\/\"},{\"@type\":\"ListItem\",\"position\":2,\"name\":\"Die Passage von Cura\u00e7ao nach Kolumbien\"}]},{\"@type\":\"WebSite\",\"@id\":\"https:\/\/www.sy-maya.de\/home\/#website\",\"url\":\"https:\/\/www.sy-maya.de\/home\/\",\"name\":\"SY-Maya.de\",\"description\":\"Cruising and Living\",\"publisher\":{\"@id\":\"https:\/\/www.sy-maya.de\/home\/#\/schema\/person\/c5267d9235b4e39503e75a219168c270\"},\"potentialAction\":[{\"@type\":\"SearchAction\",\"target\":{\"@type\":\"EntryPoint\",\"urlTemplate\":\"https:\/\/www.sy-maya.de\/home\/?s={search_term_string}\"},\"query-input\":{\"@type\":\"PropertyValueSpecification\",\"valueRequired\":true,\"valueName\":\"search_term_string\"}}],\"inLanguage\":\"de\"},{\"@type\":[\"Person\",\"Organization\"],\"@id\":\"https:\/\/www.sy-maya.de\/home\/#\/schema\/person\/c5267d9235b4e39503e75a219168c270\",\"name\":\"Tobias\",\"image\":{\"@type\":\"ImageObject\",\"inLanguage\":\"de\",\"@id\":\"https:\/\/www.sy-maya.de\/home\/#\/schema\/person\/image\/\",\"url\":\"https:\/\/www.sy-maya.de\/home\/wp-content\/uploads\/2018\/02\/cropped-SY-Maya150x150-1.png\",\"contentUrl\":\"https:\/\/www.sy-maya.de\/home\/wp-content\/uploads\/2018\/02\/cropped-SY-Maya150x150-1.png\",\"width\":150,\"height\":150,\"caption\":\"Tobias\"},\"logo\":{\"@id\":\"https:\/\/www.sy-maya.de\/home\/#\/schema\/person\/image\/\"},\"url\":\"https:\/\/www.sy-maya.de\/home\/author\/tobias_e\/\"}]}<\/script>\n<!-- \/ Yoast SEO plugin. -->","yoast_head_json":{"title":"Die Passage von Cura\u00e7ao nach Kolumbien &#8211; SY-Maya.de","description":"Die Passage von Cura\u00e7ao nach Puerto Velero in Kolumbien. Eine nette Blauwasser-Passage entlang der Halbinsel de la Gaujira, Aruba and Monjes Archipel.","robots":{"index":"index","follow":"follow","max-snippet":"max-snippet:-1","max-image-preview":"max-image-preview:large","max-video-preview":"max-video-preview:-1"},"canonical":"https:\/\/www.sy-maya.de\/home\/2019\/09\/04\/die-passage-von-curacao-nach-kolumbien\/","og_locale":"de_DE","og_type":"article","og_title":"Die Passage von Cura\u00e7ao nach Kolumbien &#8211; SY-Maya.de","og_description":"Die Passage von Cura\u00e7ao nach Puerto Velero in Kolumbien. Eine nette Blauwasser-Passage entlang der Halbinsel de la Gaujira, Aruba and Monjes Archipel.","og_url":"https:\/\/www.sy-maya.de\/home\/2019\/09\/04\/die-passage-von-curacao-nach-kolumbien\/","og_site_name":"SY-Maya.de","article_published_time":"2019-09-04T02:32:17+00:00","article_modified_time":"2019-10-17T14:59:11+00:00","author":"Tobias","twitter_card":"summary_large_image","twitter_misc":{"Verfasst von":"Tobias","Gesch\u00e4tzte Lesezeit":"3\u00a0Minuten"},"schema":{"@context":"https:\/\/schema.org","@graph":[{"@type":"Article","@id":"https:\/\/www.sy-maya.de\/home\/2019\/09\/04\/die-passage-von-curacao-nach-kolumbien\/#article","isPartOf":{"@id":"https:\/\/www.sy-maya.de\/home\/2019\/09\/04\/die-passage-von-curacao-nach-kolumbien\/"},"author":{"name":"Tobias","@id":"https:\/\/www.sy-maya.de\/home\/#\/schema\/person\/c5267d9235b4e39503e75a219168c270"},"headline":"Die Passage von Cura\u00e7ao nach Kolumbien","datePublished":"2019-09-04T02:32:17+00:00","dateModified":"2019-10-17T14:59:11+00:00","mainEntityOfPage":{"@id":"https:\/\/www.sy-maya.de\/home\/2019\/09\/04\/die-passage-von-curacao-nach-kolumbien\/"},"wordCount":657,"commentCount":0,"publisher":{"@id":"https:\/\/www.sy-maya.de\/home\/#\/schema\/person\/c5267d9235b4e39503e75a219168c270"},"articleSection":{"1":"Karibik","2":"Lateinamerika"},"inLanguage":"de","potentialAction":[{"@type":"CommentAction","name":"Comment","target":["https:\/\/www.sy-maya.de\/home\/2019\/09\/04\/die-passage-von-curacao-nach-kolumbien\/#respond"]}]},{"@type":"WebPage","@id":"https:\/\/www.sy-maya.de\/home\/2019\/09\/04\/die-passage-von-curacao-nach-kolumbien\/","url":"https:\/\/www.sy-maya.de\/home\/2019\/09\/04\/die-passage-von-curacao-nach-kolumbien\/","name":"Die Passage von Cura\u00e7ao nach Kolumbien &#8211; SY-Maya.de","isPartOf":{"@id":"https:\/\/www.sy-maya.de\/home\/#website"},"datePublished":"2019-09-04T02:32:17+00:00","dateModified":"2019-10-17T14:59:11+00:00","description":"Die Passage von Cura\u00e7ao nach Puerto Velero in Kolumbien. Eine nette Blauwasser-Passage entlang der Halbinsel de la Gaujira, Aruba and Monjes Archipel.","breadcrumb":{"@id":"https:\/\/www.sy-maya.de\/home\/2019\/09\/04\/die-passage-von-curacao-nach-kolumbien\/#breadcrumb"},"inLanguage":"de","potentialAction":[{"@type":"ReadAction","target":["https:\/\/www.sy-maya.de\/home\/2019\/09\/04\/die-passage-von-curacao-nach-kolumbien\/"]}]},{"@type":"BreadcrumbList","@id":"https:\/\/www.sy-maya.de\/home\/2019\/09\/04\/die-passage-von-curacao-nach-kolumbien\/#breadcrumb","itemListElement":[{"@type":"ListItem","position":1,"name":"Startseite","item":"https:\/\/www.sy-maya.de\/home\/"},{"@type":"ListItem","position":2,"name":"Die Passage von Cura\u00e7ao nach Kolumbien"}]},{"@type":"WebSite","@id":"https:\/\/www.sy-maya.de\/home\/#website","url":"https:\/\/www.sy-maya.de\/home\/","name":"SY-Maya.de","description":"Cruising and Living","publisher":{"@id":"https:\/\/www.sy-maya.de\/home\/#\/schema\/person\/c5267d9235b4e39503e75a219168c270"},"potentialAction":[{"@type":"SearchAction","target":{"@type":"EntryPoint","urlTemplate":"https:\/\/www.sy-maya.de\/home\/?s={search_term_string}"},"query-input":{"@type":"PropertyValueSpecification","valueRequired":true,"valueName":"search_term_string"}}],"inLanguage":"de"},{"@type":["Person","Organization"],"@id":"https:\/\/www.sy-maya.de\/home\/#\/schema\/person\/c5267d9235b4e39503e75a219168c270","name":"Tobias","image":{"@type":"ImageObject","inLanguage":"de","@id":"https:\/\/www.sy-maya.de\/home\/#\/schema\/person\/image\/","url":"https:\/\/www.sy-maya.de\/home\/wp-content\/uploads\/2018\/02\/cropped-SY-Maya150x150-1.png","contentUrl":"https:\/\/www.sy-maya.de\/home\/wp-content\/uploads\/2018\/02\/cropped-SY-Maya150x150-1.png","width":150,"height":150,"caption":"Tobias"},"logo":{"@id":"https:\/\/www.sy-maya.de\/home\/#\/schema\/person\/image\/"},"url":"https:\/\/www.sy-maya.de\/home\/author\/tobias_e\/"}]}},"_links":{"self":[{"href":"https:\/\/www.sy-maya.de\/home\/wp-json\/wp\/v2\/posts\/1729"}],"collection":[{"href":"https:\/\/www.sy-maya.de\/home\/wp-json\/wp\/v2\/posts"}],"about":[{"href":"https:\/\/www.sy-maya.de\/home\/wp-json\/wp\/v2\/types\/post"}],"author":[{"embeddable":true,"href":"https:\/\/www.sy-maya.de\/home\/wp-json\/wp\/v2\/users\/3"}],"replies":[{"embeddable":true,"href":"https:\/\/www.sy-maya.de\/home\/wp-json\/wp\/v2\/comments?post=1729"}],"version-history":[{"count":10,"href":"https:\/\/www.sy-maya.de\/home\/wp-json\/wp\/v2\/posts\/1729\/revisions"}],"predecessor-version":[{"id":1836,"href":"https:\/\/www.sy-maya.de\/home\/wp-json\/wp\/v2\/posts\/1729\/revisions\/1836"}],"wp:attachment":[{"href":"https:\/\/www.sy-maya.de\/home\/wp-json\/wp\/v2\/media?parent=1729"}],"wp:term":[{"taxonomy":"category","embeddable":true,"href":"https:\/\/www.sy-maya.de\/home\/wp-json\/wp\/v2\/categories?post=1729"},{"taxonomy":"post_tag","embeddable":true,"href":"https:\/\/www.sy-maya.de\/home\/wp-json\/wp\/v2\/tags?post=1729"}],"curies":[{"name":"wp","href":"https:\/\/api.w.org\/{rel}","templated":true}]}}