{"id":1955,"date":"2019-10-15T17:15:28","date_gmt":"2019-10-15T15:15:28","guid":{"rendered":"https:\/\/www.sy-maya.de\/home\/?p=1955"},"modified":"2019-10-28T12:57:12","modified_gmt":"2019-10-28T11:57:12","slug":"santa-marta-und-die-sierra-nevada","status":"publish","type":"post","link":"https:\/\/www.sy-maya.de\/home\/2019\/10\/15\/santa-marta-und-die-sierra-nevada\/","title":{"rendered":"Santa Marta und die Sierra Nevada"},"content":{"rendered":"\n<p>Eine der ersten Reisen innerhalb Kolumbiens f\u00fchrte uns nach Santa Marta und in die Sierra Nevada. <br> Santa Marta geh\u00f6rt zu den ersten spanischen Siedlung in S\u00fcdamerika. Es wurde 1525 vom Entdecker Rodrigo de Bastidas gegr\u00fcndet. Eine interessante historische Person und wenn man so will ein fr\u00fcher Menschenrechtsaktivist. Wir empfehlen, seine Geschichte zu googeln. Es gibt viele sch\u00f6ne Caf\u00e9s mit sehr gutem Kaffee \u2615\ufe0f . Wir waren der Meinung, dass die Preise im Allgemeinen niedriger sind als in Minca oder Palomino.<\/p>\n\n\n<p>\r\n\t\t\t\t\t\n\r\n\t\t\t\t\t<!-- START UNITE GALLERY 1.7.62 -->\r\n\t\t\t\t\t\r\n\t\t\t\t\n\t\t\t<div id='unitegallery_69_1' class='unite-gallery' style='margin:0px auto;'>\n\t\t\t\t\n\n\t\t\t\t\t\t<img alt=\"Colourful house in Santa Marta\"\n\t\t\t\t\t\t     src=\"\" data-image=\"https:\/\/www.sy-maya.de\/home\/wp-content\/uploads\/2019\/10\/20190916_162151-e1571150447205.jpg\"\n\t\t\t\t\t\t     data-thumb=\"https:\/\/www.sy-maya.de\/home\/wp-content\/uploads\/2019\/10\/20190916_162151-e1571150447205-225x300.jpg\"\n\t\t\t\t\t\t     title=\"\"\n\t\t\t\t\t\t     style=\"display:none\">\n\n\t\t\t\t\t\t<img alt=\"Santa Marta\"\n\t\t\t\t\t\t     src=\"\" data-image=\"https:\/\/www.sy-maya.de\/home\/wp-content\/uploads\/2019\/10\/20190916_162329-e1571150575193.jpg\"\n\t\t\t\t\t\t     data-thumb=\"https:\/\/www.sy-maya.de\/home\/wp-content\/uploads\/2019\/10\/20190916_162329-e1571150575193-225x300.jpg\"\n\t\t\t\t\t\t     title=\"\"\n\t\t\t\t\t\t     style=\"display:none\">\n\n\t\t\t\t\t\t<img alt=\"Santa Marta\"\n\t\t\t\t\t\t     src=\"\" data-image=\"https:\/\/www.sy-maya.de\/home\/wp-content\/uploads\/2019\/10\/20190916_181206.jpg\"\n\t\t\t\t\t\t     data-thumb=\"https:\/\/www.sy-maya.de\/home\/wp-content\/uploads\/2019\/10\/20190916_181206-300x225.jpg\"\n\t\t\t\t\t\t     title=\"\"\n\t\t\t\t\t\t     style=\"display:none\">\n\n\t\t\t\t\t\t<img alt=\"Santa Marta\"\n\t\t\t\t\t\t     src=\"\" data-image=\"https:\/\/www.sy-maya.de\/home\/wp-content\/uploads\/2019\/10\/20190916_213511-e1571150503368.jpg\"\n\t\t\t\t\t\t     data-thumb=\"https:\/\/www.sy-maya.de\/home\/wp-content\/uploads\/2019\/10\/20190916_213511-e1571150503368-225x300.jpg\"\n\t\t\t\t\t\t     title=\"\"\n\t\t\t\t\t\t     style=\"display:none\">\n\n\t\t\t\t\t\t<img alt=\"Santa Marta\"\n\t\t\t\t\t\t     src=\"\" data-image=\"https:\/\/www.sy-maya.de\/home\/wp-content\/uploads\/2019\/10\/20190916_222735-e1571150479868.jpg\"\n\t\t\t\t\t\t     data-thumb=\"https:\/\/www.sy-maya.de\/home\/wp-content\/uploads\/2019\/10\/20190916_222735-e1571150479868-225x300.jpg\"\n\t\t\t\t\t\t     title=\"\"\n\t\t\t\t\t\t     style=\"display:none\">\n\n\t\t\t\t\t\t<img alt=\"Santa Marta\"\n\t\t\t\t\t\t     src=\"\" data-image=\"https:\/\/www.sy-maya.de\/home\/wp-content\/uploads\/2019\/10\/IMG_2671.jpg\"\n\t\t\t\t\t\t     data-thumb=\"https:\/\/www.sy-maya.de\/home\/wp-content\/uploads\/2019\/10\/IMG_2671-225x300.jpg\"\n\t\t\t\t\t\t     title=\"\"\n\t\t\t\t\t\t     style=\"display:none\">\n\n\t\t\t\t\t\t<img alt=\"Santa Marta\"\n\t\t\t\t\t\t     src=\"\" data-image=\"https:\/\/www.sy-maya.de\/home\/wp-content\/uploads\/2019\/10\/IMG_2677.jpg\"\n\t\t\t\t\t\t     data-thumb=\"https:\/\/www.sy-maya.de\/home\/wp-content\/uploads\/2019\/10\/IMG_2677-300x225.jpg\"\n\t\t\t\t\t\t     title=\"\"\n\t\t\t\t\t\t     style=\"display:none\">\n\n\t\t\t\t\t\t<img alt=\"Santa Marta\"\n\t\t\t\t\t\t     src=\"\" data-image=\"https:\/\/www.sy-maya.de\/home\/wp-content\/uploads\/2019\/10\/IMG_2678.jpg\"\n\t\t\t\t\t\t     data-thumb=\"https:\/\/www.sy-maya.de\/home\/wp-content\/uploads\/2019\/10\/IMG_2678-225x300.jpg\"\n\t\t\t\t\t\t     title=\"\"\n\t\t\t\t\t\t     style=\"display:none\">\n\n\t\t\t\t\t\t<img alt=\"IMG_2679\"\n\t\t\t\t\t\t     src=\"\" data-image=\"https:\/\/www.sy-maya.de\/home\/wp-content\/uploads\/2019\/10\/IMG_2679.jpg\"\n\t\t\t\t\t\t     data-thumb=\"https:\/\/www.sy-maya.de\/home\/wp-content\/uploads\/2019\/10\/IMG_2679-300x225.jpg\"\n\t\t\t\t\t\t     title=\"\"\n\t\t\t\t\t\t     style=\"display:none\">\n\n\t\t\t\t\t\t<img alt=\"IMG_2681\"\n\t\t\t\t\t\t     src=\"\" data-image=\"https:\/\/www.sy-maya.de\/home\/wp-content\/uploads\/2019\/10\/IMG_2681.jpg\"\n\t\t\t\t\t\t     data-thumb=\"https:\/\/www.sy-maya.de\/home\/wp-content\/uploads\/2019\/10\/IMG_2681-300x225.jpg\"\n\t\t\t\t\t\t     title=\"\"\n\t\t\t\t\t\t     style=\"display:none\">\n\n\t\t\t\t\t\t<img alt=\"IMG_2683\"\n\t\t\t\t\t\t     src=\"\" data-image=\"https:\/\/www.sy-maya.de\/home\/wp-content\/uploads\/2019\/10\/IMG_2683.jpg\"\n\t\t\t\t\t\t     data-thumb=\"https:\/\/www.sy-maya.de\/home\/wp-content\/uploads\/2019\/10\/IMG_2683-300x225.jpg\"\n\t\t\t\t\t\t     title=\"\"\n\t\t\t\t\t\t     style=\"display:none\">\n\n\t\t\t\t\t\t<img alt=\"IMG_2684\"\n\t\t\t\t\t\t     src=\"\" data-image=\"https:\/\/www.sy-maya.de\/home\/wp-content\/uploads\/2019\/10\/IMG_2684.jpg\"\n\t\t\t\t\t\t     data-thumb=\"https:\/\/www.sy-maya.de\/home\/wp-content\/uploads\/2019\/10\/IMG_2684-225x300.jpg\"\n\t\t\t\t\t\t     title=\"\"\n\t\t\t\t\t\t     style=\"display:none\">\n\t\t\t<\/div>\n\n\t\t\t<script type='text\/javascript'>\n\t\t\t\twindow.onload = function(e) {\n\t\t\t\t\tif(typeof ugCheckForErrors == \"undefined\"){\n\t\t\t\t\t\tdocument.getElementById(\"unitegallery_69_1\").innerHTML = \"<span style='color:red'>Unite Gallery Error - gallery js and css files not included in the footer. Please make sure that wp_footer() function is added to your theme.<\/span>\";}\n\t\t\t\t\telse{ ugCheckForErrors(\"unitegallery_69_1\", \"jquery\");}\n\t\t\t\t};\n\t\t\t<\/script>\n\n\t\t\t<!-- END UNITEGALLERY --><\/p>\n\n\n\n<p>Es ist eine beliebte Touristenstadt in Kolumbien und ein guter Ausgangspunkt f\u00fcr Touren nach Tayrona, in die Sierra Nevada de Santa Marta und viele andere Ziele. Es ist sehr lebhaft und etwas laut. W\u00e4hrend wir von Santa Marta nicht so beeindruckt waren (ok, das historische Zentrum ist sch\u00f6n und die Stra\u00dfen lebendig, aber nicht so au\u00dfergew\u00f6hnlich), waren wir wirklich beeindruckt von der Sierra Nevada und ihrer reichen Natur. Es ist \u00fcberall so tiefgr\u00fcn! Man kann dort viele Pflanzen sehen, die man vielleicht als Zimmerpflanze kennt, aber nur wenige Zentimeter hoch (wie in einem Blumentopf) &#8211; hier in der Sierra Nevada k\u00f6nnen sie bis zu mehreren Metern wachsen! Ein echter tropischer Dschungel!<\/p>\n\n\n\n<p>Von Minca und Palomino aus machten wir mehrere Wanderungen, um die herrliche Natur zu genie\u00dfen. Die Bilder k\u00f6nnen den Reichtum und die Sch\u00f6nheit dieser Bilder nicht wirklich erfassen. <\/p>\n\n\n<p>\r\n\t\t\t\t\t\n\r\n\t\t\t\t\t<!-- START UNITE GALLERY 1.7.62 -->\r\n\t\t\t\t\t\r\n\t\t\t\t\n\t\t\t<div id='unitegallery_64_2' class='unite-gallery' style='margin:0px auto;'>\n\t\t\t\t\n\n\t\t\t\t\t\t<img alt=\"Entrance to our Hostel ClaraLuz in Minca\"\n\t\t\t\t\t\t     src=\"\" data-image=\"https:\/\/www.sy-maya.de\/home\/wp-content\/uploads\/2019\/10\/P9171261.jpg\"\n\t\t\t\t\t\t     data-thumb=\"https:\/\/www.sy-maya.de\/home\/wp-content\/uploads\/2019\/10\/P9171261-300x200.jpg\"\n\t\t\t\t\t\t     title=\"\"\n\t\t\t\t\t\t     style=\"display:none\">\n\n\t\t\t\t\t\t<img alt=\"MInca\"\n\t\t\t\t\t\t     src=\"\" data-image=\"https:\/\/www.sy-maya.de\/home\/wp-content\/uploads\/2019\/10\/P9171263.jpg\"\n\t\t\t\t\t\t     data-thumb=\"https:\/\/www.sy-maya.de\/home\/wp-content\/uploads\/2019\/10\/P9171263-300x200.jpg\"\n\t\t\t\t\t\t     title=\"\"\n\t\t\t\t\t\t     style=\"display:none\">\n\n\t\t\t\t\t\t<img alt=\"Sierra Nevada de Santa Marta\"\n\t\t\t\t\t\t     src=\"\" data-image=\"https:\/\/www.sy-maya.de\/home\/wp-content\/uploads\/2019\/10\/P9171270.jpg\"\n\t\t\t\t\t\t     data-thumb=\"https:\/\/www.sy-maya.de\/home\/wp-content\/uploads\/2019\/10\/P9171270-300x200.jpg\"\n\t\t\t\t\t\t     title=\"\"\n\t\t\t\t\t\t     style=\"display:none\">\n\n\t\t\t\t\t\t<img alt=\"Sierra Nevada de Santa Marta\"\n\t\t\t\t\t\t     src=\"\" data-image=\"https:\/\/www.sy-maya.de\/home\/wp-content\/uploads\/2019\/10\/P9171274.jpg\"\n\t\t\t\t\t\t     data-thumb=\"https:\/\/www.sy-maya.de\/home\/wp-content\/uploads\/2019\/10\/P9171274-300x200.jpg\"\n\t\t\t\t\t\t     title=\"\"\n\t\t\t\t\t\t     style=\"display:none\">\n\n\t\t\t\t\t\t<img alt=\"Sierra Nevada de Santa Marta\"\n\t\t\t\t\t\t     src=\"\" data-image=\"https:\/\/www.sy-maya.de\/home\/wp-content\/uploads\/2019\/10\/P9171321.jpg\"\n\t\t\t\t\t\t     data-thumb=\"https:\/\/www.sy-maya.de\/home\/wp-content\/uploads\/2019\/10\/P9171321-300x200.jpg\"\n\t\t\t\t\t\t     title=\"Waterfall in Sierra Nevada de Santa Marta\"\n\t\t\t\t\t\t     style=\"display:none\">\n\n\t\t\t\t\t\t<img alt=\"Sierra Nevada de Santa Marta\"\n\t\t\t\t\t\t     src=\"\" data-image=\"https:\/\/www.sy-maya.de\/home\/wp-content\/uploads\/2019\/10\/P9171354.jpg\"\n\t\t\t\t\t\t     data-thumb=\"https:\/\/www.sy-maya.de\/home\/wp-content\/uploads\/2019\/10\/P9171354-300x200.jpg\"\n\t\t\t\t\t\t     title=\"Sierra Nevada de Santa Marta\"\n\t\t\t\t\t\t     style=\"display:none\">\n\n\t\t\t\t\t\t<img alt=\"Sierra Nevada de Santa Marta\"\n\t\t\t\t\t\t     src=\"\" data-image=\"https:\/\/www.sy-maya.de\/home\/wp-content\/uploads\/2019\/10\/P9171365.jpg\"\n\t\t\t\t\t\t     data-thumb=\"https:\/\/www.sy-maya.de\/home\/wp-content\/uploads\/2019\/10\/P9171365-300x200.jpg\"\n\t\t\t\t\t\t     title=\"\"\n\t\t\t\t\t\t     style=\"display:none\">\n\n\t\t\t\t\t\t<img alt=\"Sierra Nevada de Santa Marta\"\n\t\t\t\t\t\t     src=\"\" data-image=\"https:\/\/www.sy-maya.de\/home\/wp-content\/uploads\/2019\/10\/P9171378.jpg\"\n\t\t\t\t\t\t     data-thumb=\"https:\/\/www.sy-maya.de\/home\/wp-content\/uploads\/2019\/10\/P9171378-300x200.jpg\"\n\t\t\t\t\t\t     title=\"\"\n\t\t\t\t\t\t     style=\"display:none\">\n\n\t\t\t\t\t\t<img alt=\"Sierra Nevada de Santa Marta\"\n\t\t\t\t\t\t     src=\"\" data-image=\"https:\/\/www.sy-maya.de\/home\/wp-content\/uploads\/2019\/10\/P9171414-e1571146615895.jpg\"\n\t\t\t\t\t\t     data-thumb=\"https:\/\/www.sy-maya.de\/home\/wp-content\/uploads\/2019\/10\/P9171414-e1571146615895-200x300.jpg\"\n\t\t\t\t\t\t     title=\"\"\n\t\t\t\t\t\t     style=\"display:none\">\n\n\t\t\t\t\t\t<img alt=\"Sierra Nevada de Santa Marta\"\n\t\t\t\t\t\t     src=\"\" data-image=\"https:\/\/www.sy-maya.de\/home\/wp-content\/uploads\/2019\/10\/P9171425.jpg\"\n\t\t\t\t\t\t     data-thumb=\"https:\/\/www.sy-maya.de\/home\/wp-content\/uploads\/2019\/10\/P9171425-300x200.jpg\"\n\t\t\t\t\t\t     title=\"\"\n\t\t\t\t\t\t     style=\"display:none\">\n\n\t\t\t\t\t\t<img alt=\"Sierra Nevada de Santa Marta\"\n\t\t\t\t\t\t     src=\"\" data-image=\"https:\/\/www.sy-maya.de\/home\/wp-content\/uploads\/2019\/10\/P9181471.jpg\"\n\t\t\t\t\t\t     data-thumb=\"https:\/\/www.sy-maya.de\/home\/wp-content\/uploads\/2019\/10\/P9181471-300x200.jpg\"\n\t\t\t\t\t\t     title=\"\"\n\t\t\t\t\t\t     style=\"display:none\">\n\n\t\t\t\t\t\t<img alt=\"Sierra Nevada de Santa Marta\"\n\t\t\t\t\t\t     src=\"\" data-image=\"https:\/\/www.sy-maya.de\/home\/wp-content\/uploads\/2019\/10\/P9181475.jpg\"\n\t\t\t\t\t\t     data-thumb=\"https:\/\/www.sy-maya.de\/home\/wp-content\/uploads\/2019\/10\/P9181475-300x200.jpg\"\n\t\t\t\t\t\t     title=\"\"\n\t\t\t\t\t\t     style=\"display:none\">\n\t\t\t<\/div>\n\n\n\t\t\t<!-- END UNITEGALLERY --><\/p>\n\n\n<p>\r\n\t\t\t\t\t\n\r\n\t\t\t\t\t<!-- START UNITE GALLERY 1.7.62 -->\r\n\t\t\t\t\t\r\n\t\t\t\t\n\t\t\t<div id='unitegallery_67_3' class='unite-gallery' style='margin:0px auto;'>\n\t\t\t\t\n\n\t\t\t\t\t\t<img alt=\"Sierra Nevada de Santa Marta\"\n\t\t\t\t\t\t     src=\"\" data-image=\"https:\/\/www.sy-maya.de\/home\/wp-content\/uploads\/2019\/10\/P9181482.jpg\"\n\t\t\t\t\t\t     data-thumb=\"https:\/\/www.sy-maya.de\/home\/wp-content\/uploads\/2019\/10\/P9181482-300x200.jpg\"\n\t\t\t\t\t\t     title=\"\"\n\t\t\t\t\t\t     style=\"display:none\">\n\n\t\t\t\t\t\t<img alt=\"Sunset over Santa Marta (View from our hostel in Minca)\"\n\t\t\t\t\t\t     src=\"\" data-image=\"https:\/\/www.sy-maya.de\/home\/wp-content\/uploads\/2019\/10\/View_from_Minca_to_Santa_marta-2.jpg\"\n\t\t\t\t\t\t     data-thumb=\"https:\/\/www.sy-maya.de\/home\/wp-content\/uploads\/2019\/10\/View_from_Minca_to_Santa_marta-2-300x200.jpg\"\n\t\t\t\t\t\t     title=\"\"\n\t\t\t\t\t\t     style=\"display:none\">\n\n\t\t\t\t\t\t<img alt=\"Salad farm in the Sierra Nevada de Santa Marta\"\n\t\t\t\t\t\t     src=\"\" data-image=\"https:\/\/www.sy-maya.de\/home\/wp-content\/uploads\/2019\/10\/Small_Salad_Farm.jpg\"\n\t\t\t\t\t\t     data-thumb=\"https:\/\/www.sy-maya.de\/home\/wp-content\/uploads\/2019\/10\/Small_Salad_Farm-300x200.jpg\"\n\t\t\t\t\t\t     title=\"\"\n\t\t\t\t\t\t     style=\"display:none\">\n\n\t\t\t\t\t\t<img alt=\"Sierra Nevada de Santa Marta\"\n\t\t\t\t\t\t     src=\"\" data-image=\"https:\/\/www.sy-maya.de\/home\/wp-content\/uploads\/2019\/10\/P9181681-e1571151865562.jpg\"\n\t\t\t\t\t\t     data-thumb=\"https:\/\/www.sy-maya.de\/home\/wp-content\/uploads\/2019\/10\/P9181681-e1571151865562-200x300.jpg\"\n\t\t\t\t\t\t     title=\"\"\n\t\t\t\t\t\t     style=\"display:none\">\n\n\t\t\t\t\t\t<img alt=\"Sierra Nevada de Santa Marta\"\n\t\t\t\t\t\t     src=\"\" data-image=\"https:\/\/www.sy-maya.de\/home\/wp-content\/uploads\/2019\/10\/P9181647.jpg\"\n\t\t\t\t\t\t     data-thumb=\"https:\/\/www.sy-maya.de\/home\/wp-content\/uploads\/2019\/10\/P9181647-300x200.jpg\"\n\t\t\t\t\t\t     title=\"\"\n\t\t\t\t\t\t     style=\"display:none\">\n\n\t\t\t\t\t\t<img alt=\"Sierra Nevada de Santa Marta\"\n\t\t\t\t\t\t     src=\"\" data-image=\"https:\/\/www.sy-maya.de\/home\/wp-content\/uploads\/2019\/10\/P9181630.jpg\"\n\t\t\t\t\t\t     data-thumb=\"https:\/\/www.sy-maya.de\/home\/wp-content\/uploads\/2019\/10\/P9181630-300x200.jpg\"\n\t\t\t\t\t\t     title=\"\"\n\t\t\t\t\t\t     style=\"display:none\">\n\n\t\t\t\t\t\t<img alt=\"Sierra Nevada de Santa Marta\"\n\t\t\t\t\t\t     src=\"\" data-image=\"https:\/\/www.sy-maya.de\/home\/wp-content\/uploads\/2019\/10\/P9181623-e1571323998784.jpg\"\n\t\t\t\t\t\t     data-thumb=\"https:\/\/www.sy-maya.de\/home\/wp-content\/uploads\/2019\/10\/P9181623-e1571323998784-200x300.jpg\"\n\t\t\t\t\t\t     title=\"\"\n\t\t\t\t\t\t     style=\"display:none\">\n\n\t\t\t\t\t\t<img alt=\"Sierra Nevada de Santa Marta\"\n\t\t\t\t\t\t     src=\"\" data-image=\"https:\/\/www.sy-maya.de\/home\/wp-content\/uploads\/2019\/10\/P9181608.jpg\"\n\t\t\t\t\t\t     data-thumb=\"https:\/\/www.sy-maya.de\/home\/wp-content\/uploads\/2019\/10\/P9181608-300x200.jpg\"\n\t\t\t\t\t\t     title=\"\"\n\t\t\t\t\t\t     style=\"display:none\">\n\n\t\t\t\t\t\t<img alt=\"Sierra Nevada de Santa Marta\"\n\t\t\t\t\t\t     src=\"\" data-image=\"https:\/\/www.sy-maya.de\/home\/wp-content\/uploads\/2019\/10\/P9181591.jpg\"\n\t\t\t\t\t\t     data-thumb=\"https:\/\/www.sy-maya.de\/home\/wp-content\/uploads\/2019\/10\/P9181591-300x200.jpg\"\n\t\t\t\t\t\t     title=\"\"\n\t\t\t\t\t\t     style=\"display:none\">\n\n\t\t\t\t\t\t<img alt=\"Sierra Nevada de Santa Marta\"\n\t\t\t\t\t\t     src=\"\" data-image=\"https:\/\/www.sy-maya.de\/home\/wp-content\/uploads\/2019\/10\/P9181588.jpg\"\n\t\t\t\t\t\t     data-thumb=\"https:\/\/www.sy-maya.de\/home\/wp-content\/uploads\/2019\/10\/P9181588-300x200.jpg\"\n\t\t\t\t\t\t     title=\"\"\n\t\t\t\t\t\t     style=\"display:none\">\n\n\t\t\t\t\t\t<img alt=\"Sierra Nevada de Santa Marta\"\n\t\t\t\t\t\t     src=\"\" data-image=\"https:\/\/www.sy-maya.de\/home\/wp-content\/uploads\/2019\/10\/P9181587.jpg\"\n\t\t\t\t\t\t     data-thumb=\"https:\/\/www.sy-maya.de\/home\/wp-content\/uploads\/2019\/10\/P9181587-300x200.jpg\"\n\t\t\t\t\t\t     title=\"\"\n\t\t\t\t\t\t     style=\"display:none\">\n\n\t\t\t\t\t\t<img alt=\"Sierra Nevada de Santa Marta\"\n\t\t\t\t\t\t     src=\"\" data-image=\"https:\/\/www.sy-maya.de\/home\/wp-content\/uploads\/2019\/10\/P9181580.jpg\"\n\t\t\t\t\t\t     data-thumb=\"https:\/\/www.sy-maya.de\/home\/wp-content\/uploads\/2019\/10\/P9181580-300x200.jpg\"\n\t\t\t\t\t\t     title=\"\"\n\t\t\t\t\t\t     style=\"display:none\">\n\t\t\t<\/div>\n\n\n\t\t\t<!-- END UNITEGALLERY --><\/p>\n\n\n\n<p>Wir haben auch eine Kaffee- und Kakaofarm &#8222;La Victoria&#8220; besucht. Es ist eine der \u00e4ltesten Farmen im Norden Kolumbiens. Wir haben dort eine Kakaotour gemacht (weil wir sp\u00e4ter w\u00e4hrend unserer Reise in die Kaffee-Region eine Kaffeetour machen wollen). Diese Kaffeefarm produziert auch ein recht ordentliches Hausbrauer-Bier (genannt: Happy Tucan, Happy Nebbi, Happy Coca und Happy Colibr\u00ed). Prost!  <\/p>\n\n\n<p>\r\n\t\t\t\t\t\n\r\n\t\t\t\t\t<!-- START UNITE GALLERY 1.7.62 -->\r\n\t\t\t\t\t\r\n\t\t\t\t\n\t\t\t<div id='unitegallery_68_4' class='unite-gallery' style='margin:0px auto;'>\n\t\t\t\t\n\n\t\t\t\t\t\t<img alt=\"Way uphill to La Victoria Coffee Farm\"\n\t\t\t\t\t\t     src=\"\" data-image=\"https:\/\/www.sy-maya.de\/home\/wp-content\/uploads\/2019\/10\/P9181499.jpg\"\n\t\t\t\t\t\t     data-thumb=\"https:\/\/www.sy-maya.de\/home\/wp-content\/uploads\/2019\/10\/P9181499-300x200.jpg\"\n\t\t\t\t\t\t     title=\"\"\n\t\t\t\t\t\t     style=\"display:none\">\n\n\t\t\t\t\t\t<img alt=\"La Victoria Coffee Farm\"\n\t\t\t\t\t\t     src=\"\" data-image=\"https:\/\/www.sy-maya.de\/home\/wp-content\/uploads\/2019\/10\/P9181532.jpg\"\n\t\t\t\t\t\t     data-thumb=\"https:\/\/www.sy-maya.de\/home\/wp-content\/uploads\/2019\/10\/P9181532-300x200.jpg\"\n\t\t\t\t\t\t     title=\"\"\n\t\t\t\t\t\t     style=\"display:none\">\n\n\t\t\t\t\t\t<img alt=\"La Victoria Coffee Farm\"\n\t\t\t\t\t\t     src=\"\" data-image=\"https:\/\/www.sy-maya.de\/home\/wp-content\/uploads\/2019\/10\/P9181528.jpg\"\n\t\t\t\t\t\t     data-thumb=\"https:\/\/www.sy-maya.de\/home\/wp-content\/uploads\/2019\/10\/P9181528-300x200.jpg\"\n\t\t\t\t\t\t     title=\"\"\n\t\t\t\t\t\t     style=\"display:none\">\n\n\t\t\t\t\t\t<img alt=\"La Victoria Coffee Farm\"\n\t\t\t\t\t\t     src=\"\" data-image=\"https:\/\/www.sy-maya.de\/home\/wp-content\/uploads\/2019\/10\/P9181551.jpg\"\n\t\t\t\t\t\t     data-thumb=\"https:\/\/www.sy-maya.de\/home\/wp-content\/uploads\/2019\/10\/P9181551-300x200.jpg\"\n\t\t\t\t\t\t     title=\"\"\n\t\t\t\t\t\t     style=\"display:none\">\n\n\t\t\t\t\t\t<img alt=\"La Victoria Coffee Farm\"\n\t\t\t\t\t\t     src=\"\" data-image=\"https:\/\/www.sy-maya.de\/home\/wp-content\/uploads\/2019\/10\/P9181554.jpg\"\n\t\t\t\t\t\t     data-thumb=\"https:\/\/www.sy-maya.de\/home\/wp-content\/uploads\/2019\/10\/P9181554-300x200.jpg\"\n\t\t\t\t\t\t     title=\"\"\n\t\t\t\t\t\t     style=\"display:none\">\n\n\t\t\t\t\t\t<img alt=\"La Victoria Coffee Farm\"\n\t\t\t\t\t\t     src=\"\" data-image=\"https:\/\/www.sy-maya.de\/home\/wp-content\/uploads\/2019\/10\/P9181560.jpg\"\n\t\t\t\t\t\t     data-thumb=\"https:\/\/www.sy-maya.de\/home\/wp-content\/uploads\/2019\/10\/P9181560-300x200.jpg\"\n\t\t\t\t\t\t     title=\"\"\n\t\t\t\t\t\t     style=\"display:none\">\n\n\t\t\t\t\t\t<img alt=\"La Victoria Coffee Farm\"\n\t\t\t\t\t\t     src=\"\" data-image=\"https:\/\/www.sy-maya.de\/home\/wp-content\/uploads\/2019\/10\/P9181563.jpg\"\n\t\t\t\t\t\t     data-thumb=\"https:\/\/www.sy-maya.de\/home\/wp-content\/uploads\/2019\/10\/P9181563-300x200.jpg\"\n\t\t\t\t\t\t     title=\"\"\n\t\t\t\t\t\t     style=\"display:none\">\n\n\t\t\t\t\t\t<img alt=\"La Victoria Coffee Farm\"\n\t\t\t\t\t\t     src=\"\" data-image=\"https:\/\/www.sy-maya.de\/home\/wp-content\/uploads\/2019\/10\/P9181564.jpg\"\n\t\t\t\t\t\t     data-thumb=\"https:\/\/www.sy-maya.de\/home\/wp-content\/uploads\/2019\/10\/P9181564-300x200.jpg\"\n\t\t\t\t\t\t     title=\"\"\n\t\t\t\t\t\t     style=\"display:none\">\n\n\t\t\t\t\t\t<img alt=\"Beauty mask at La Victoria Coffee Farm\"\n\t\t\t\t\t\t     src=\"\" data-image=\"https:\/\/www.sy-maya.de\/home\/wp-content\/uploads\/2019\/10\/P9181545-e1571147939822.jpg\"\n\t\t\t\t\t\t     data-thumb=\"https:\/\/www.sy-maya.de\/home\/wp-content\/uploads\/2019\/10\/P9181545-e1571147939822-200x300.jpg\"\n\t\t\t\t\t\t     title=\"\"\n\t\t\t\t\t\t     style=\"display:none\">\n\n\t\t\t\t\t\t<img alt=\"View from La Victoria Coffee Farm\"\n\t\t\t\t\t\t     src=\"\" data-image=\"https:\/\/www.sy-maya.de\/home\/wp-content\/uploads\/2019\/10\/P9181573.jpg\"\n\t\t\t\t\t\t     data-thumb=\"https:\/\/www.sy-maya.de\/home\/wp-content\/uploads\/2019\/10\/P9181573-300x200.jpg\"\n\t\t\t\t\t\t     title=\"\"\n\t\t\t\t\t\t     style=\"display:none\">\n\n\t\t\t\t\t\t<img alt=\"Enjoying the craft beer from La Victoria in Minca\"\n\t\t\t\t\t\t     src=\"\" data-image=\"https:\/\/www.sy-maya.de\/home\/wp-content\/uploads\/2019\/10\/20190917_170051-e1571149798589.jpg\"\n\t\t\t\t\t\t     data-thumb=\"https:\/\/www.sy-maya.de\/home\/wp-content\/uploads\/2019\/10\/20190917_170051-e1571149798589-225x300.jpg\"\n\t\t\t\t\t\t     title=\"\"\n\t\t\t\t\t\t     style=\"display:none\">\n\n\t\t\t\t\t\t<img alt=\"There is also free cacao tea available at La Victoria\"\n\t\t\t\t\t\t     src=\"\" data-image=\"https:\/\/www.sy-maya.de\/home\/wp-content\/uploads\/2019\/10\/20190918_122443-e1571149867734.jpg\"\n\t\t\t\t\t\t     data-thumb=\"https:\/\/www.sy-maya.de\/home\/wp-content\/uploads\/2019\/10\/20190918_122443-e1571149867734-225x300.jpg\"\n\t\t\t\t\t\t     title=\"\"\n\t\t\t\t\t\t     style=\"display:none\">\n\t\t\t<\/div>\n\n\n\t\t\t<!-- END UNITEGALLERY --><\/p>\n\n\n\n<p>Palomino ist eine Ortschaft an der Karibikk\u00fcste Kolumbiens und liegt in der Region Guajira (dem n\u00f6rdlichsten Teil Kolumbiens). Dort gibt es einen sch\u00f6nen Strand, aber auch Zugang zur Sierra Nevada ??? und ihrer reichen Natur. Es ist sehr beliebt bei Rucksacktouristen ? und es scheint, dass es auch bei anderen Touristen immer beliebter wird.<br> Eine der netten Sachen, die man dort machen kann, ist &#8222;Tubing&#8220;. Man steigt die H\u00fcgel hinauf (meist mit dem Motorrad[genannt Mototaxi] und dann zumindest noch etwas Bergwandern) und geht mit dem Tube den Rio Palomino hinunter. Die Aussicht ist fantastisch. Der Fluss ist ziemlich ruhig und auch nicht wirklich tief. Auf den ersten Blick hielten wir das f\u00fcr ziemlich &#8222;touristisch&#8220;, aber wir genossen die entspannende Art, die Landschaft zu entdecken und sehen sie als eine gute Erg\u00e4nzung zu den Wanderungen in dieser Gegend.<\/p>\n\n\n<p>\r\n\t\t\t\t\t\n\r\n\t\t\t\t\t<!-- START UNITE GALLERY 1.7.62 -->\r\n\t\t\t\t\t\r\n\t\t\t\t\n\t\t\t<div id='unitegallery_70_5' class='unite-gallery' style='margin:0px auto;'>\n\t\t\t\t\n\n\t\t\t\t\t\t<img alt=\"Palomino\"\n\t\t\t\t\t\t     src=\"\" data-image=\"https:\/\/www.sy-maya.de\/home\/wp-content\/uploads\/2019\/10\/2019_0920_181826_002.jpg\"\n\t\t\t\t\t\t     data-thumb=\"https:\/\/www.sy-maya.de\/home\/wp-content\/uploads\/2019\/10\/2019_0920_181826_002-300x225.jpg\"\n\t\t\t\t\t\t     title=\"\"\n\t\t\t\t\t\t     style=\"display:none\">\n\n\t\t\t\t\t\t<img alt=\"Palomino\"\n\t\t\t\t\t\t     src=\"\" data-image=\"https:\/\/www.sy-maya.de\/home\/wp-content\/uploads\/2019\/10\/2019_0920_182127_005.jpg\"\n\t\t\t\t\t\t     data-thumb=\"https:\/\/www.sy-maya.de\/home\/wp-content\/uploads\/2019\/10\/2019_0920_182127_005-300x225.jpg\"\n\t\t\t\t\t\t     title=\"\"\n\t\t\t\t\t\t     style=\"display:none\">\n\n\t\t\t\t\t\t<img alt=\"Palomino\"\n\t\t\t\t\t\t     src=\"\" data-image=\"https:\/\/www.sy-maya.de\/home\/wp-content\/uploads\/2019\/10\/2019_0920_182453_001.jpg\"\n\t\t\t\t\t\t     data-thumb=\"https:\/\/www.sy-maya.de\/home\/wp-content\/uploads\/2019\/10\/2019_0920_182453_001-300x225.jpg\"\n\t\t\t\t\t\t     title=\"\"\n\t\t\t\t\t\t     style=\"display:none\">\n\n\t\t\t\t\t\t<img alt=\"Palomino\"\n\t\t\t\t\t\t     src=\"\" data-image=\"https:\/\/www.sy-maya.de\/home\/wp-content\/uploads\/2019\/10\/2019_0920_183112_001.jpg\"\n\t\t\t\t\t\t     data-thumb=\"https:\/\/www.sy-maya.de\/home\/wp-content\/uploads\/2019\/10\/2019_0920_183112_001-300x225.jpg\"\n\t\t\t\t\t\t     title=\"\"\n\t\t\t\t\t\t     style=\"display:none\">\n\n\t\t\t\t\t\t<img alt=\"NOVATEK CAMERA\"\n\t\t\t\t\t\t     src=\"\" data-image=\"https:\/\/www.sy-maya.de\/home\/wp-content\/uploads\/2019\/10\/2019_0920_185014_027.jpg\"\n\t\t\t\t\t\t     data-thumb=\"https:\/\/www.sy-maya.de\/home\/wp-content\/uploads\/2019\/10\/2019_0920_185014_027-300x225.jpg\"\n\t\t\t\t\t\t     title=\"\"\n\t\t\t\t\t\t     style=\"display:none\">\n\n\t\t\t\t\t\t<img alt=\"Palomino\"\n\t\t\t\t\t\t     src=\"\" data-image=\"https:\/\/www.sy-maya.de\/home\/wp-content\/uploads\/2019\/10\/2019_0920_193901_007.jpg\"\n\t\t\t\t\t\t     data-thumb=\"https:\/\/www.sy-maya.de\/home\/wp-content\/uploads\/2019\/10\/2019_0920_193901_007-300x225.jpg\"\n\t\t\t\t\t\t     title=\"\"\n\t\t\t\t\t\t     style=\"display:none\">\n\n\t\t\t\t\t\t<img alt=\"Palomino\"\n\t\t\t\t\t\t     src=\"\" data-image=\"https:\/\/www.sy-maya.de\/home\/wp-content\/uploads\/2019\/10\/2019_0920_201710_002.jpg\"\n\t\t\t\t\t\t     data-thumb=\"https:\/\/www.sy-maya.de\/home\/wp-content\/uploads\/2019\/10\/2019_0920_201710_002-300x225.jpg\"\n\t\t\t\t\t\t     title=\"\"\n\t\t\t\t\t\t     style=\"display:none\">\n\n\t\t\t\t\t\t<img alt=\"Palomino\"\n\t\t\t\t\t\t     src=\"\" data-image=\"https:\/\/www.sy-maya.de\/home\/wp-content\/uploads\/2019\/10\/2019_0920_203342_002.jpg\"\n\t\t\t\t\t\t     data-thumb=\"https:\/\/www.sy-maya.de\/home\/wp-content\/uploads\/2019\/10\/2019_0920_203342_002-300x225.jpg\"\n\t\t\t\t\t\t     title=\"\"\n\t\t\t\t\t\t     style=\"display:none\">\n\n\t\t\t\t\t\t<img alt=\"Palomino\"\n\t\t\t\t\t\t     src=\"\" data-image=\"https:\/\/www.sy-maya.de\/home\/wp-content\/uploads\/2019\/10\/20190920_085213_HDR-e1571151749205.jpg\"\n\t\t\t\t\t\t     data-thumb=\"https:\/\/www.sy-maya.de\/home\/wp-content\/uploads\/2019\/10\/20190920_085213_HDR-e1571151749205-225x300.jpg\"\n\t\t\t\t\t\t     title=\"\"\n\t\t\t\t\t\t     style=\"display:none\">\n\n\t\t\t\t\t\t<img alt=\"Palomino\"\n\t\t\t\t\t\t     src=\"\" data-image=\"https:\/\/www.sy-maya.de\/home\/wp-content\/uploads\/2019\/10\/OI000003.jpg\"\n\t\t\t\t\t\t     data-thumb=\"https:\/\/www.sy-maya.de\/home\/wp-content\/uploads\/2019\/10\/OI000003-300x200.jpg\"\n\t\t\t\t\t\t     title=\"\"\n\t\t\t\t\t\t     style=\"display:none\">\n\t\t\t<\/div>\n\n\n\t\t\t<!-- END UNITEGALLERY --><\/p>\n\n\n\n<p>Die Hauptattraktion in diesem Gebiet ist jedoch sicherlich die sch\u00f6ne Natur mit all ihren Wasserf\u00e4llen, Tieren und spektakul\u00e4ren Aussichten. Wir hoffen, dass der \u00d6kotourismus dazu beitr\u00e4gt, diesen Ort in gutem Zustand zu halten. <\/p>\n","protected":false},"excerpt":{"rendered":"<p>Eine der ersten Reisen innerhalb Kolumbiens f\u00fchrte uns nach Santa Marta und in die Sierra Nevada. Santa Marta geh\u00f6rt zu den ersten spanischen Siedlung in S\u00fcdamerika. Es wurde 1525 vom [&hellip;]<\/p>\n","protected":false},"author":3,"featured_media":0,"comment_status":"open","ping_status":"open","sticky":false,"template":"","format":"standard","meta":{"_exactmetrics_skip_tracking":false,"_exactmetrics_sitenote_active":false,"_exactmetrics_sitenote_note":"","_exactmetrics_sitenote_category":0,"footnotes":""},"categories":[1,171,201],"tags":[],"yoast_head":"<!-- This site is optimized with the Yoast SEO plugin v23.5 - https:\/\/yoast.com\/wordpress\/plugins\/seo\/ -->\n<title>Santa Marta und die Sierra Nevada &#8211; unser Besuch in Minca - SY-Maya.de<\/title>\n<meta name=\"description\" content=\"Von Minca und Palomino aus machten wir Wanderungen, um die herrliche Natur zu genie\u00dfen. Die Bilder k\u00f6nnen die Sch\u00f6nheit nicht wirklich erfassen.\" \/>\n<meta name=\"robots\" content=\"index, follow, max-snippet:-1, max-image-preview:large, max-video-preview:-1\" \/>\n<link rel=\"canonical\" href=\"https:\/\/www.sy-maya.de\/home\/2019\/10\/15\/santa-marta-und-die-sierra-nevada\/\" \/>\n<meta property=\"og:locale\" content=\"de_DE\" \/>\n<meta property=\"og:type\" content=\"article\" \/>\n<meta property=\"og:title\" content=\"Santa Marta und die Sierra Nevada &#8211; unser Besuch in Minca - SY-Maya.de\" \/>\n<meta property=\"og:description\" content=\"Von Minca und Palomino aus machten wir Wanderungen, um die herrliche Natur zu genie\u00dfen. Die Bilder k\u00f6nnen die Sch\u00f6nheit nicht wirklich erfassen.\" \/>\n<meta property=\"og:url\" content=\"https:\/\/www.sy-maya.de\/home\/2019\/10\/15\/santa-marta-und-die-sierra-nevada\/\" \/>\n<meta property=\"og:site_name\" content=\"SY-Maya.de\" \/>\n<meta property=\"article:published_time\" content=\"2019-10-15T15:15:28+00:00\" \/>\n<meta property=\"article:modified_time\" content=\"2019-10-28T11:57:12+00:00\" \/>\n<meta name=\"author\" content=\"Tobias\" \/>\n<meta name=\"twitter:card\" content=\"summary_large_image\" \/>\n<meta name=\"twitter:label1\" content=\"Verfasst von\" \/>\n\t<meta name=\"twitter:data1\" content=\"Tobias\" \/>\n\t<meta name=\"twitter:label2\" content=\"Gesch\u00e4tzte Lesezeit\" \/>\n\t<meta name=\"twitter:data2\" content=\"2\u00a0Minuten\" \/>\n<script type=\"application\/ld+json\" class=\"yoast-schema-graph\">{\"@context\":\"https:\/\/schema.org\",\"@graph\":[{\"@type\":\"Article\",\"@id\":\"https:\/\/www.sy-maya.de\/home\/2019\/10\/15\/santa-marta-und-die-sierra-nevada\/#article\",\"isPartOf\":{\"@id\":\"https:\/\/www.sy-maya.de\/home\/2019\/10\/15\/santa-marta-und-die-sierra-nevada\/\"},\"author\":{\"name\":\"Tobias\",\"@id\":\"https:\/\/www.sy-maya.de\/home\/#\/schema\/person\/c5267d9235b4e39503e75a219168c270\"},\"headline\":\"Santa Marta und die Sierra Nevada\",\"datePublished\":\"2019-10-15T15:15:28+00:00\",\"dateModified\":\"2019-10-28T11:57:12+00:00\",\"mainEntityOfPage\":{\"@id\":\"https:\/\/www.sy-maya.de\/home\/2019\/10\/15\/santa-marta-und-die-sierra-nevada\/\"},\"wordCount\":488,\"commentCount\":0,\"publisher\":{\"@id\":\"https:\/\/www.sy-maya.de\/home\/#\/schema\/person\/c5267d9235b4e39503e75a219168c270\"},\"articleSection\":{\"1\":\"Karibik\",\"2\":\"Lateinamerika\"},\"inLanguage\":\"de\",\"potentialAction\":[{\"@type\":\"CommentAction\",\"name\":\"Comment\",\"target\":[\"https:\/\/www.sy-maya.de\/home\/2019\/10\/15\/santa-marta-und-die-sierra-nevada\/#respond\"]}]},{\"@type\":\"WebPage\",\"@id\":\"https:\/\/www.sy-maya.de\/home\/2019\/10\/15\/santa-marta-und-die-sierra-nevada\/\",\"url\":\"https:\/\/www.sy-maya.de\/home\/2019\/10\/15\/santa-marta-und-die-sierra-nevada\/\",\"name\":\"Santa Marta und die Sierra Nevada &#8211; unser Besuch in Minca - SY-Maya.de\",\"isPartOf\":{\"@id\":\"https:\/\/www.sy-maya.de\/home\/#website\"},\"datePublished\":\"2019-10-15T15:15:28+00:00\",\"dateModified\":\"2019-10-28T11:57:12+00:00\",\"description\":\"Von Minca und Palomino aus machten wir Wanderungen, um die herrliche Natur zu genie\u00dfen. Die Bilder k\u00f6nnen die Sch\u00f6nheit nicht wirklich erfassen.\",\"breadcrumb\":{\"@id\":\"https:\/\/www.sy-maya.de\/home\/2019\/10\/15\/santa-marta-und-die-sierra-nevada\/#breadcrumb\"},\"inLanguage\":\"de\",\"potentialAction\":[{\"@type\":\"ReadAction\",\"target\":[\"https:\/\/www.sy-maya.de\/home\/2019\/10\/15\/santa-marta-und-die-sierra-nevada\/\"]}]},{\"@type\":\"BreadcrumbList\",\"@id\":\"https:\/\/www.sy-maya.de\/home\/2019\/10\/15\/santa-marta-und-die-sierra-nevada\/#breadcrumb\",\"itemListElement\":[{\"@type\":\"ListItem\",\"position\":1,\"name\":\"Startseite\",\"item\":\"https:\/\/www.sy-maya.de\/home\/\"},{\"@type\":\"ListItem\",\"position\":2,\"name\":\"Santa Marta und die Sierra Nevada\"}]},{\"@type\":\"WebSite\",\"@id\":\"https:\/\/www.sy-maya.de\/home\/#website\",\"url\":\"https:\/\/www.sy-maya.de\/home\/\",\"name\":\"SY-Maya.de\",\"description\":\"Cruising and Living\",\"publisher\":{\"@id\":\"https:\/\/www.sy-maya.de\/home\/#\/schema\/person\/c5267d9235b4e39503e75a219168c270\"},\"potentialAction\":[{\"@type\":\"SearchAction\",\"target\":{\"@type\":\"EntryPoint\",\"urlTemplate\":\"https:\/\/www.sy-maya.de\/home\/?s={search_term_string}\"},\"query-input\":{\"@type\":\"PropertyValueSpecification\",\"valueRequired\":true,\"valueName\":\"search_term_string\"}}],\"inLanguage\":\"de\"},{\"@type\":[\"Person\",\"Organization\"],\"@id\":\"https:\/\/www.sy-maya.de\/home\/#\/schema\/person\/c5267d9235b4e39503e75a219168c270\",\"name\":\"Tobias\",\"image\":{\"@type\":\"ImageObject\",\"inLanguage\":\"de\",\"@id\":\"https:\/\/www.sy-maya.de\/home\/#\/schema\/person\/image\/\",\"url\":\"https:\/\/www.sy-maya.de\/home\/wp-content\/uploads\/2018\/02\/cropped-SY-Maya150x150-1.png\",\"contentUrl\":\"https:\/\/www.sy-maya.de\/home\/wp-content\/uploads\/2018\/02\/cropped-SY-Maya150x150-1.png\",\"width\":150,\"height\":150,\"caption\":\"Tobias\"},\"logo\":{\"@id\":\"https:\/\/www.sy-maya.de\/home\/#\/schema\/person\/image\/\"},\"url\":\"https:\/\/www.sy-maya.de\/home\/author\/tobias_e\/\"}]}<\/script>\n<!-- \/ Yoast SEO plugin. -->","yoast_head_json":{"title":"Santa Marta und die Sierra Nevada &#8211; unser Besuch in Minca - SY-Maya.de","description":"Von Minca und Palomino aus machten wir Wanderungen, um die herrliche Natur zu genie\u00dfen. Die Bilder k\u00f6nnen die Sch\u00f6nheit nicht wirklich erfassen.","robots":{"index":"index","follow":"follow","max-snippet":"max-snippet:-1","max-image-preview":"max-image-preview:large","max-video-preview":"max-video-preview:-1"},"canonical":"https:\/\/www.sy-maya.de\/home\/2019\/10\/15\/santa-marta-und-die-sierra-nevada\/","og_locale":"de_DE","og_type":"article","og_title":"Santa Marta und die Sierra Nevada &#8211; unser Besuch in Minca - SY-Maya.de","og_description":"Von Minca und Palomino aus machten wir Wanderungen, um die herrliche Natur zu genie\u00dfen. Die Bilder k\u00f6nnen die Sch\u00f6nheit nicht wirklich erfassen.","og_url":"https:\/\/www.sy-maya.de\/home\/2019\/10\/15\/santa-marta-und-die-sierra-nevada\/","og_site_name":"SY-Maya.de","article_published_time":"2019-10-15T15:15:28+00:00","article_modified_time":"2019-10-28T11:57:12+00:00","author":"Tobias","twitter_card":"summary_large_image","twitter_misc":{"Verfasst von":"Tobias","Gesch\u00e4tzte Lesezeit":"2\u00a0Minuten"},"schema":{"@context":"https:\/\/schema.org","@graph":[{"@type":"Article","@id":"https:\/\/www.sy-maya.de\/home\/2019\/10\/15\/santa-marta-und-die-sierra-nevada\/#article","isPartOf":{"@id":"https:\/\/www.sy-maya.de\/home\/2019\/10\/15\/santa-marta-und-die-sierra-nevada\/"},"author":{"name":"Tobias","@id":"https:\/\/www.sy-maya.de\/home\/#\/schema\/person\/c5267d9235b4e39503e75a219168c270"},"headline":"Santa Marta und die Sierra Nevada","datePublished":"2019-10-15T15:15:28+00:00","dateModified":"2019-10-28T11:57:12+00:00","mainEntityOfPage":{"@id":"https:\/\/www.sy-maya.de\/home\/2019\/10\/15\/santa-marta-und-die-sierra-nevada\/"},"wordCount":488,"commentCount":0,"publisher":{"@id":"https:\/\/www.sy-maya.de\/home\/#\/schema\/person\/c5267d9235b4e39503e75a219168c270"},"articleSection":{"1":"Karibik","2":"Lateinamerika"},"inLanguage":"de","potentialAction":[{"@type":"CommentAction","name":"Comment","target":["https:\/\/www.sy-maya.de\/home\/2019\/10\/15\/santa-marta-und-die-sierra-nevada\/#respond"]}]},{"@type":"WebPage","@id":"https:\/\/www.sy-maya.de\/home\/2019\/10\/15\/santa-marta-und-die-sierra-nevada\/","url":"https:\/\/www.sy-maya.de\/home\/2019\/10\/15\/santa-marta-und-die-sierra-nevada\/","name":"Santa Marta und die Sierra Nevada &#8211; unser Besuch in Minca - SY-Maya.de","isPartOf":{"@id":"https:\/\/www.sy-maya.de\/home\/#website"},"datePublished":"2019-10-15T15:15:28+00:00","dateModified":"2019-10-28T11:57:12+00:00","description":"Von Minca und Palomino aus machten wir Wanderungen, um die herrliche Natur zu genie\u00dfen. Die Bilder k\u00f6nnen die Sch\u00f6nheit nicht wirklich erfassen.","breadcrumb":{"@id":"https:\/\/www.sy-maya.de\/home\/2019\/10\/15\/santa-marta-und-die-sierra-nevada\/#breadcrumb"},"inLanguage":"de","potentialAction":[{"@type":"ReadAction","target":["https:\/\/www.sy-maya.de\/home\/2019\/10\/15\/santa-marta-und-die-sierra-nevada\/"]}]},{"@type":"BreadcrumbList","@id":"https:\/\/www.sy-maya.de\/home\/2019\/10\/15\/santa-marta-und-die-sierra-nevada\/#breadcrumb","itemListElement":[{"@type":"ListItem","position":1,"name":"Startseite","item":"https:\/\/www.sy-maya.de\/home\/"},{"@type":"ListItem","position":2,"name":"Santa Marta und die Sierra Nevada"}]},{"@type":"WebSite","@id":"https:\/\/www.sy-maya.de\/home\/#website","url":"https:\/\/www.sy-maya.de\/home\/","name":"SY-Maya.de","description":"Cruising and Living","publisher":{"@id":"https:\/\/www.sy-maya.de\/home\/#\/schema\/person\/c5267d9235b4e39503e75a219168c270"},"potentialAction":[{"@type":"SearchAction","target":{"@type":"EntryPoint","urlTemplate":"https:\/\/www.sy-maya.de\/home\/?s={search_term_string}"},"query-input":{"@type":"PropertyValueSpecification","valueRequired":true,"valueName":"search_term_string"}}],"inLanguage":"de"},{"@type":["Person","Organization"],"@id":"https:\/\/www.sy-maya.de\/home\/#\/schema\/person\/c5267d9235b4e39503e75a219168c270","name":"Tobias","image":{"@type":"ImageObject","inLanguage":"de","@id":"https:\/\/www.sy-maya.de\/home\/#\/schema\/person\/image\/","url":"https:\/\/www.sy-maya.de\/home\/wp-content\/uploads\/2018\/02\/cropped-SY-Maya150x150-1.png","contentUrl":"https:\/\/www.sy-maya.de\/home\/wp-content\/uploads\/2018\/02\/cropped-SY-Maya150x150-1.png","width":150,"height":150,"caption":"Tobias"},"logo":{"@id":"https:\/\/www.sy-maya.de\/home\/#\/schema\/person\/image\/"},"url":"https:\/\/www.sy-maya.de\/home\/author\/tobias_e\/"}]}},"_links":{"self":[{"href":"https:\/\/www.sy-maya.de\/home\/wp-json\/wp\/v2\/posts\/1955"}],"collection":[{"href":"https:\/\/www.sy-maya.de\/home\/wp-json\/wp\/v2\/posts"}],"about":[{"href":"https:\/\/www.sy-maya.de\/home\/wp-json\/wp\/v2\/types\/post"}],"author":[{"embeddable":true,"href":"https:\/\/www.sy-maya.de\/home\/wp-json\/wp\/v2\/users\/3"}],"replies":[{"embeddable":true,"href":"https:\/\/www.sy-maya.de\/home\/wp-json\/wp\/v2\/comments?post=1955"}],"version-history":[{"count":2,"href":"https:\/\/www.sy-maya.de\/home\/wp-json\/wp\/v2\/posts\/1955\/revisions"}],"predecessor-version":[{"id":2304,"href":"https:\/\/www.sy-maya.de\/home\/wp-json\/wp\/v2\/posts\/1955\/revisions\/2304"}],"wp:attachment":[{"href":"https:\/\/www.sy-maya.de\/home\/wp-json\/wp\/v2\/media?parent=1955"}],"wp:term":[{"taxonomy":"category","embeddable":true,"href":"https:\/\/www.sy-maya.de\/home\/wp-json\/wp\/v2\/categories?post=1955"},{"taxonomy":"post_tag","embeddable":true,"href":"https:\/\/www.sy-maya.de\/home\/wp-json\/wp\/v2\/tags?post=1955"}],"curies":[{"name":"wp","href":"https:\/\/api.w.org\/{rel}","templated":true}]}}