{"id":2065,"date":"2019-10-18T18:46:37","date_gmt":"2019-10-18T16:46:37","guid":{"rendered":"https:\/\/www.sy-maya.de\/home\/?p=2065"},"modified":"2019-10-19T01:59:05","modified_gmt":"2019-10-18T23:59:05","slug":"medellin-2","status":"publish","type":"post","link":"https:\/\/www.sy-maya.de\/home\/2019\/10\/18\/medellin-2\/","title":{"rendered":"Medellin &#8211; wirklich cool!"},"content":{"rendered":"\n<p>Wie bei Cartagena denke ich, dass es auch gen\u00fcgend Informationen \u00fcber Medellin gibt. Also nur kurz unsere 2 Cent: Medellin hat uns sehr gut gefallen! (Vielleicht stimmt &#8222;Bogota is the new Berlin&#8220;, aber Medellin ist auch ein angesagter und wirklich cooler Ort). Wir haben dort nicht so viel Zeit verbracht, wie wir es gerne gemacht h\u00e4tten (u.a. auch weil wir in die Kaffee-Region reisen und das Boot nicht zu lange allein lassen wollten). Auch das Klima ist im Vergleich zu der hei\u00dfen und oft etwas schw\u00fclen Karibikseite von Kolumbien wirklich angenehm &#8222;cool&#8220;!<\/p>\n\n\n<p>\r\n\t\t\t\t\t\n\r\n\t\t\t\t\t<!-- START UNITE GALLERY 1.7.62 -->\r\n\t\t\t\t\t\r\n\t\t\t\t\n\t\t\t<div id='unitegallery_75_1' class='unite-gallery' style='margin:0px auto;'>\n\t\t\t\t\n\n\t\t\t\t\t\t<img alt=\"Colombia - Medellin\"\n\t\t\t\t\t\t     src=\"\" data-image=\"https:\/\/www.sy-maya.de\/home\/wp-content\/uploads\/2019\/10\/PA032008.jpg\"\n\t\t\t\t\t\t     data-thumb=\"https:\/\/www.sy-maya.de\/home\/wp-content\/uploads\/2019\/10\/PA032008-300x200.jpg\"\n\t\t\t\t\t\t     title=\"\"\n\t\t\t\t\t\t     style=\"display:none\">\n\n\t\t\t\t\t\t<img alt=\"Colombia - Medellin\"\n\t\t\t\t\t\t     src=\"\" data-image=\"https:\/\/www.sy-maya.de\/home\/wp-content\/uploads\/2019\/10\/20191003_162432.jpg\"\n\t\t\t\t\t\t     data-thumb=\"https:\/\/www.sy-maya.de\/home\/wp-content\/uploads\/2019\/10\/20191003_162432-225x300.jpg\"\n\t\t\t\t\t\t     title=\"\"\n\t\t\t\t\t\t     style=\"display:none\">\n\n\t\t\t\t\t\t<img alt=\"Colombia - Medellin\"\n\t\t\t\t\t\t     src=\"\" data-image=\"https:\/\/www.sy-maya.de\/home\/wp-content\/uploads\/2019\/10\/20191010_132139.jpg\"\n\t\t\t\t\t\t     data-thumb=\"https:\/\/www.sy-maya.de\/home\/wp-content\/uploads\/2019\/10\/20191010_132139-300x225.jpg\"\n\t\t\t\t\t\t     title=\"\"\n\t\t\t\t\t\t     style=\"display:none\">\n\n\t\t\t\t\t\t<img alt=\"Colombia - Medellin\"\n\t\t\t\t\t\t     src=\"\" data-image=\"https:\/\/www.sy-maya.de\/home\/wp-content\/uploads\/2019\/10\/20191010_172651.jpg\"\n\t\t\t\t\t\t     data-thumb=\"https:\/\/www.sy-maya.de\/home\/wp-content\/uploads\/2019\/10\/20191010_172651-300x225.jpg\"\n\t\t\t\t\t\t     title=\"\"\n\t\t\t\t\t\t     style=\"display:none\">\n\n\t\t\t\t\t\t<img alt=\"Colombia - Medellin: cheers!\"\n\t\t\t\t\t\t     src=\"\" data-image=\"https:\/\/www.sy-maya.de\/home\/wp-content\/uploads\/2019\/10\/20191010_133728-e1571161025522.jpg\"\n\t\t\t\t\t\t     data-thumb=\"https:\/\/www.sy-maya.de\/home\/wp-content\/uploads\/2019\/10\/20191010_133728-e1571161025522-300x225.jpg\"\n\t\t\t\t\t\t     title=\"\"\n\t\t\t\t\t\t     style=\"display:none\">\n\n\t\t\t\t\t\t<img alt=\"Colombia - In Medellin you can find good craft beer\"\n\t\t\t\t\t\t     src=\"\" data-image=\"https:\/\/www.sy-maya.de\/home\/wp-content\/uploads\/2019\/10\/20191010_134221.jpg\"\n\t\t\t\t\t\t     data-thumb=\"https:\/\/www.sy-maya.de\/home\/wp-content\/uploads\/2019\/10\/20191010_134221-300x225.jpg\"\n\t\t\t\t\t\t     title=\"\"\n\t\t\t\t\t\t     style=\"display:none\">\n\n\t\t\t\t\t\t<img alt=\"Colombia - Medellin\"\n\t\t\t\t\t\t     src=\"\" data-image=\"https:\/\/www.sy-maya.de\/home\/wp-content\/uploads\/2019\/10\/PA100164.jpg\"\n\t\t\t\t\t\t     data-thumb=\"https:\/\/www.sy-maya.de\/home\/wp-content\/uploads\/2019\/10\/PA100164-300x200.jpg\"\n\t\t\t\t\t\t     title=\"\"\n\t\t\t\t\t\t     style=\"display:none\">\n\n\t\t\t\t\t\t<img alt=\"Colombia - Medellin: there is a lot construction going on in all Colombia\"\n\t\t\t\t\t\t     src=\"\" data-image=\"https:\/\/www.sy-maya.de\/home\/wp-content\/uploads\/2019\/10\/PA100365-e1571160979990.jpg\"\n\t\t\t\t\t\t     data-thumb=\"https:\/\/www.sy-maya.de\/home\/wp-content\/uploads\/2019\/10\/PA100365-e1571160979990-200x300.jpg\"\n\t\t\t\t\t\t     title=\"\"\n\t\t\t\t\t\t     style=\"display:none\">\n\n\t\t\t\t\t\t<img alt=\"Colombia - Medellin\"\n\t\t\t\t\t\t     src=\"\" data-image=\"https:\/\/www.sy-maya.de\/home\/wp-content\/uploads\/2019\/10\/PA100368.jpg\"\n\t\t\t\t\t\t     data-thumb=\"https:\/\/www.sy-maya.de\/home\/wp-content\/uploads\/2019\/10\/PA100368-300x200.jpg\"\n\t\t\t\t\t\t     title=\"\"\n\t\t\t\t\t\t     style=\"display:none\">\n\t\t\t<\/div>\n\n\t\t\t<script type='text\/javascript'>\n\t\t\t\twindow.onload = function(e) {\n\t\t\t\t\tif(typeof ugCheckForErrors == \"undefined\"){\n\t\t\t\t\t\tdocument.getElementById(\"unitegallery_75_1\").innerHTML = \"<span style='color:red'>Unite Gallery Error - gallery js and css files not included in the footer. Please make sure that wp_footer() function is added to your theme.<\/span>\";}\n\t\t\t\t\telse{ ugCheckForErrors(\"unitegallery_75_1\", \"jquery\");}\n\t\t\t\t};\n\t\t\t<\/script>\n\n\t\t\t<!-- END UNITEGALLERY --><\/p>\n\n\n\n<p>Unsere Highlights: Parque Arv\u00ed (allein die fantastische Aussicht von der Seilbahn, die dorthin f\u00e4hrt, macht es lohnenswert, aber auch der Parque selbst ist es wert, besucht zu werden), el Poblado (ein Viertel mit vielen Bars und Restaurants), &#8222;comuna 13&#8220; (fr\u00fcher einer der gef\u00e4hrlichsten Orte der Welt und heute eine Touristenattraktion). Medellin ist die einzige Stadt Kolumbiens mit einer Metro. Es gibt viele Universit\u00e4ten, viel Kreativit\u00e4t und vermutlich ist es momentan ein sehr guter Ort, um ein Startup zu gr\u00fcnden.<\/p>\n\n\n\n<h3 class=\"wp-block-heading\">Comuna 13 <\/h3>\n\n\n\n<p>&#8222;Comuna 13&#8220;, war einer der \u00e4rmsten Stadtteile der Stadt, in den 80er und 90er Jahren Schauplatz blutiger und t\u00f6dlicher Zusammenst\u00f6\u00dfe zwischen rivalisierenden Drogenkartellen, zwischen Guerillas und paramilit\u00e4rischen Gruppen und zwischen verfeindeten Gangsterbanden.<br>Jetzt ist es ein anschauliches Beispiel f\u00fcr die Transformation der Stadt zu einem hippen und kreativen Zentrum. Dort gibt es viele Graffiti und andere Stra\u00dfenkunst. Die neuen Rolltreppen machen den Stadtteil f\u00fcr Einheimische und Touristen leicht zug\u00e4nglich.  <\/p>\n\n\n<p>\r\n\t\t\t\t\t\n\r\n\t\t\t\t\t<!-- START UNITE GALLERY 1.7.62 -->\r\n\t\t\t\t\t\r\n\t\t\t\t\n\t\t\t<div id='unitegallery_76_2' class='unite-gallery' style='margin:0px auto;'>\n\t\t\t\t\n\n\t\t\t\t\t\t<img alt=\"Colombia - Medelllin - Comuna 13\"\n\t\t\t\t\t\t     src=\"\" data-image=\"https:\/\/www.sy-maya.de\/home\/wp-content\/uploads\/2019\/10\/PA100269-e1571418348274.jpg\"\n\t\t\t\t\t\t     data-thumb=\"https:\/\/www.sy-maya.de\/home\/wp-content\/uploads\/2019\/10\/PA100269-e1571418348274-200x300.jpg\"\n\t\t\t\t\t\t     title=\"\"\n\t\t\t\t\t\t     style=\"display:none\">\n\n\t\t\t\t\t\t<img alt=\"Colombia - Medelllin - Great choice of craft beer!\"\n\t\t\t\t\t\t     src=\"\" data-image=\"https:\/\/www.sy-maya.de\/home\/wp-content\/uploads\/2019\/10\/PA100272.jpg\"\n\t\t\t\t\t\t     data-thumb=\"https:\/\/www.sy-maya.de\/home\/wp-content\/uploads\/2019\/10\/PA100272-300x200.jpg\"\n\t\t\t\t\t\t     title=\"\"\n\t\t\t\t\t\t     style=\"display:none\">\n\n\t\t\t\t\t\t<img alt=\"Colombia - Medelllin - Comuna 13\"\n\t\t\t\t\t\t     src=\"\" data-image=\"https:\/\/www.sy-maya.de\/home\/wp-content\/uploads\/2019\/10\/PA100258.jpg\"\n\t\t\t\t\t\t     data-thumb=\"https:\/\/www.sy-maya.de\/home\/wp-content\/uploads\/2019\/10\/PA100258-300x200.jpg\"\n\t\t\t\t\t\t     title=\"\"\n\t\t\t\t\t\t     style=\"display:none\">\n\n\t\t\t\t\t\t<img alt=\"Lemonade made of sugar cane\"\n\t\t\t\t\t\t     src=\"\" data-image=\"https:\/\/www.sy-maya.de\/home\/wp-content\/uploads\/2019\/10\/PA100356.jpg\"\n\t\t\t\t\t\t     data-thumb=\"https:\/\/www.sy-maya.de\/home\/wp-content\/uploads\/2019\/10\/PA100356-300x200.jpg\"\n\t\t\t\t\t\t     title=\"\"\n\t\t\t\t\t\t     style=\"display:none\">\n\n\t\t\t\t\t\t<img alt=\"Colombia - Medelllin - Comuna 13\"\n\t\t\t\t\t\t     src=\"\" data-image=\"https:\/\/www.sy-maya.de\/home\/wp-content\/uploads\/2019\/10\/PA100352.jpg\"\n\t\t\t\t\t\t     data-thumb=\"https:\/\/www.sy-maya.de\/home\/wp-content\/uploads\/2019\/10\/PA100352-300x200.jpg\"\n\t\t\t\t\t\t     title=\"\"\n\t\t\t\t\t\t     style=\"display:none\">\n\n\t\t\t\t\t\t<img alt=\"Lemonade made of sugar cane\"\n\t\t\t\t\t\t     src=\"\" data-image=\"https:\/\/www.sy-maya.de\/home\/wp-content\/uploads\/2019\/10\/PA100349-e1571161394279.jpg\"\n\t\t\t\t\t\t     data-thumb=\"https:\/\/www.sy-maya.de\/home\/wp-content\/uploads\/2019\/10\/PA100349-e1571161394279-200x300.jpg\"\n\t\t\t\t\t\t     title=\"\"\n\t\t\t\t\t\t     style=\"display:none\">\n\n\t\t\t\t\t\t<img alt=\"Colombia - Medelllin - Comuna 13\"\n\t\t\t\t\t\t     src=\"\" data-image=\"https:\/\/www.sy-maya.de\/home\/wp-content\/uploads\/2019\/10\/PA100295.jpg\"\n\t\t\t\t\t\t     data-thumb=\"https:\/\/www.sy-maya.de\/home\/wp-content\/uploads\/2019\/10\/PA100295-300x200.jpg\"\n\t\t\t\t\t\t     title=\"\"\n\t\t\t\t\t\t     style=\"display:none\">\n\n\t\t\t\t\t\t<img alt=\"Colombia - Medelllin - Comuna 13\"\n\t\t\t\t\t\t     src=\"\" data-image=\"https:\/\/www.sy-maya.de\/home\/wp-content\/uploads\/2019\/10\/PA100293-e1571161460852.jpg\"\n\t\t\t\t\t\t     data-thumb=\"https:\/\/www.sy-maya.de\/home\/wp-content\/uploads\/2019\/10\/PA100293-e1571161460852-200x300.jpg\"\n\t\t\t\t\t\t     title=\"\"\n\t\t\t\t\t\t     style=\"display:none\">\n\n\t\t\t\t\t\t<img alt=\"Colombia - Medelllin - Comuna 13\"\n\t\t\t\t\t\t     src=\"\" data-image=\"https:\/\/www.sy-maya.de\/home\/wp-content\/uploads\/2019\/10\/PA100291.jpg\"\n\t\t\t\t\t\t     data-thumb=\"https:\/\/www.sy-maya.de\/home\/wp-content\/uploads\/2019\/10\/PA100291-300x200.jpg\"\n\t\t\t\t\t\t     title=\"\"\n\t\t\t\t\t\t     style=\"display:none\">\n\n\t\t\t\t\t\t<img alt=\"Colombia - Medelllin - Comuna 13\"\n\t\t\t\t\t\t     src=\"\" data-image=\"https:\/\/www.sy-maya.de\/home\/wp-content\/uploads\/2019\/10\/PA100287.jpg\"\n\t\t\t\t\t\t     data-thumb=\"https:\/\/www.sy-maya.de\/home\/wp-content\/uploads\/2019\/10\/PA100287-300x200.jpg\"\n\t\t\t\t\t\t     title=\"\"\n\t\t\t\t\t\t     style=\"display:none\">\n\n\t\t\t\t\t\t<img alt=\"Colombia - Medelllin - Comuna 13\"\n\t\t\t\t\t\t     src=\"\" data-image=\"https:\/\/www.sy-maya.de\/home\/wp-content\/uploads\/2019\/10\/PA100283.jpg\"\n\t\t\t\t\t\t     data-thumb=\"https:\/\/www.sy-maya.de\/home\/wp-content\/uploads\/2019\/10\/PA100283-300x200.jpg\"\n\t\t\t\t\t\t     title=\"\"\n\t\t\t\t\t\t     style=\"display:none\">\n\n\t\t\t\t\t\t<img alt=\"Enjoy Medellin!\"\n\t\t\t\t\t\t     src=\"\" data-image=\"https:\/\/www.sy-maya.de\/home\/wp-content\/uploads\/2019\/10\/PA100275.jpg\"\n\t\t\t\t\t\t     data-thumb=\"https:\/\/www.sy-maya.de\/home\/wp-content\/uploads\/2019\/10\/PA100275-300x200.jpg\"\n\t\t\t\t\t\t     title=\"\"\n\t\t\t\t\t\t     style=\"display:none\">\n\t\t\t<\/div>\n\n\n\t\t\t<!-- END UNITEGALLERY --><\/p>\n\n\n<p>\r\n\t\t\t\t\t\n\r\n\t\t\t\t\t<!-- START UNITE GALLERY 1.7.62 -->\r\n\t\t\t\t\t\r\n\t\t\t\t\n\t\t\t<div id='unitegallery_77_3' class='unite-gallery' style='margin:0px auto;'>\n\t\t\t\t\n\n\t\t\t\t\t\t<img alt=\"Colombia - Comuna 13: Artist Apollo 13\"\n\t\t\t\t\t\t     src=\"\" data-image=\"https:\/\/www.sy-maya.de\/home\/wp-content\/uploads\/2019\/10\/PA100181.jpg\"\n\t\t\t\t\t\t     data-thumb=\"https:\/\/www.sy-maya.de\/home\/wp-content\/uploads\/2019\/10\/PA100181-300x200.jpg\"\n\t\t\t\t\t\t     title=\"\"\n\t\t\t\t\t\t     style=\"display:none\">\n\n\t\t\t\t\t\t<img alt=\"Colombia - Comuna 13\"\n\t\t\t\t\t\t     src=\"\" data-image=\"https:\/\/www.sy-maya.de\/home\/wp-content\/uploads\/2019\/10\/PA100184.jpg\"\n\t\t\t\t\t\t     data-thumb=\"https:\/\/www.sy-maya.de\/home\/wp-content\/uploads\/2019\/10\/PA100184-300x200.jpg\"\n\t\t\t\t\t\t     title=\"\"\n\t\t\t\t\t\t     style=\"display:none\">\n\n\t\t\t\t\t\t<img alt=\"Colombia - Comuna 13: Education is the key!\"\n\t\t\t\t\t\t     src=\"\" data-image=\"https:\/\/www.sy-maya.de\/home\/wp-content\/uploads\/2019\/10\/PA100197.jpg\"\n\t\t\t\t\t\t     data-thumb=\"https:\/\/www.sy-maya.de\/home\/wp-content\/uploads\/2019\/10\/PA100197-300x200.jpg\"\n\t\t\t\t\t\t     title=\"\"\n\t\t\t\t\t\t     style=\"display:none\">\n\n\t\t\t\t\t\t<img alt=\"Colombia - Comuna 13\"\n\t\t\t\t\t\t     src=\"\" data-image=\"https:\/\/www.sy-maya.de\/home\/wp-content\/uploads\/2019\/10\/PA100199.jpg\"\n\t\t\t\t\t\t     data-thumb=\"https:\/\/www.sy-maya.de\/home\/wp-content\/uploads\/2019\/10\/PA100199-300x200.jpg\"\n\t\t\t\t\t\t     title=\"\"\n\t\t\t\t\t\t     style=\"display:none\">\n\n\t\t\t\t\t\t<img alt=\"Colombia - Comuna 13: BLACK AND WHITE C13\"\n\t\t\t\t\t\t     src=\"\" data-image=\"https:\/\/www.sy-maya.de\/home\/wp-content\/uploads\/2019\/10\/PA100239.jpg\"\n\t\t\t\t\t\t     data-thumb=\"https:\/\/www.sy-maya.de\/home\/wp-content\/uploads\/2019\/10\/PA100239-300x200.jpg\"\n\t\t\t\t\t\t     title=\"\"\n\t\t\t\t\t\t     style=\"display:none\">\n\n\t\t\t\t\t\t<img alt=\"Colombia - Comuna 13: Artist Denise Duong &quot;Power to the people&quot;\"\n\t\t\t\t\t\t     src=\"\" data-image=\"https:\/\/www.sy-maya.de\/home\/wp-content\/uploads\/2019\/10\/PA100298.jpg\"\n\t\t\t\t\t\t     data-thumb=\"https:\/\/www.sy-maya.de\/home\/wp-content\/uploads\/2019\/10\/PA100298-300x200.jpg\"\n\t\t\t\t\t\t     title=\"\"\n\t\t\t\t\t\t     style=\"display:none\">\n\n\t\t\t\t\t\t<img alt=\"Colombia - Comuna 13\"\n\t\t\t\t\t\t     src=\"\" data-image=\"https:\/\/www.sy-maya.de\/home\/wp-content\/uploads\/2019\/10\/PA100307.jpg\"\n\t\t\t\t\t\t     data-thumb=\"https:\/\/www.sy-maya.de\/home\/wp-content\/uploads\/2019\/10\/PA100307-300x200.jpg\"\n\t\t\t\t\t\t     title=\"\"\n\t\t\t\t\t\t     style=\"display:none\">\n\n\t\t\t\t\t\t<img alt=\"Colombia - Escalator in Comuna 13\"\n\t\t\t\t\t\t     src=\"\" data-image=\"https:\/\/www.sy-maya.de\/home\/wp-content\/uploads\/2019\/10\/PA100310-e1571161669701.jpg\"\n\t\t\t\t\t\t     data-thumb=\"https:\/\/www.sy-maya.de\/home\/wp-content\/uploads\/2019\/10\/PA100310-e1571161669701-200x300.jpg\"\n\t\t\t\t\t\t     title=\"\"\n\t\t\t\t\t\t     style=\"display:none\">\n\n\t\t\t\t\t\t<img alt=\"Colombia - Comuna 13\"\n\t\t\t\t\t\t     src=\"\" data-image=\"https:\/\/www.sy-maya.de\/home\/wp-content\/uploads\/2019\/10\/PA100314.jpg\"\n\t\t\t\t\t\t     data-thumb=\"https:\/\/www.sy-maya.de\/home\/wp-content\/uploads\/2019\/10\/PA100314-300x200.jpg\"\n\t\t\t\t\t\t     title=\"\"\n\t\t\t\t\t\t     style=\"display:none\">\n\n\t\t\t\t\t\t<img alt=\"Colombia - Comuna 13\"\n\t\t\t\t\t\t     src=\"\" data-image=\"https:\/\/www.sy-maya.de\/home\/wp-content\/uploads\/2019\/10\/PA100327.jpg\"\n\t\t\t\t\t\t     data-thumb=\"https:\/\/www.sy-maya.de\/home\/wp-content\/uploads\/2019\/10\/PA100327-300x200.jpg\"\n\t\t\t\t\t\t     title=\"\"\n\t\t\t\t\t\t     style=\"display:none\">\n\n\t\t\t\t\t\t<img alt=\"Colombia - Comuna 13\"\n\t\t\t\t\t\t     src=\"\" data-image=\"https:\/\/www.sy-maya.de\/home\/wp-content\/uploads\/2019\/10\/PA100335.jpg\"\n\t\t\t\t\t\t     data-thumb=\"https:\/\/www.sy-maya.de\/home\/wp-content\/uploads\/2019\/10\/PA100335-300x200.jpg\"\n\t\t\t\t\t\t     title=\"\"\n\t\t\t\t\t\t     style=\"display:none\">\n\n\t\t\t\t\t\t<img alt=\"Colombia - Comuna 13\"\n\t\t\t\t\t\t     src=\"\" data-image=\"https:\/\/www.sy-maya.de\/home\/wp-content\/uploads\/2019\/10\/PA100336.jpg\"\n\t\t\t\t\t\t     data-thumb=\"https:\/\/www.sy-maya.de\/home\/wp-content\/uploads\/2019\/10\/PA100336-300x200.jpg\"\n\t\t\t\t\t\t     title=\"\"\n\t\t\t\t\t\t     style=\"display:none\">\n\t\t\t<\/div>\n\n\n\t\t\t<!-- END UNITEGALLERY --><\/p>\n\n\n\n<p>Medellin war auch unser Ausgangspunkt f\u00fcr eine Reise nach Guatape (spektakul\u00e4re Aussicht \u00fcber einige k\u00fcnstliche Seen!) und eine Rundreise in die Kaffee-Region (u.a. Aquadas, Salamina und Manizales). <\/p>\n\n\n\n<h3 class=\"wp-block-heading\">Guatape  <\/h3>\n\n\n\n<p>Guatape ist eine farbenfrohe touristische Stadt, die vor allem f\u00fcr den nahen &#8222;Felsen&#8220; bekannt ist. Man kann diesen Felsen besteigen und eine erstaunliche 360\u00b0-Aussicht genie\u00dfen. Es gibt etwa 700 Treppen, die den ganzen Weg hinaufgehen m\u00fcssen. Die Seen um den Felsen herum, die diese Gegend so besonders machen, sind k\u00fcnstlich. In den 70er Jahren wurde das gesamte Gebiet f\u00fcr ein riesiges Wasserkraftwerk geflutet. Dies f\u00fchrte dazu, dass einige Einheimische umsiedelt wurden und der Tourismus in diesem Gebiet eine viel gr\u00f6\u00dfere Rolle \u00fcbernahm.  <br>Guatape ist etwa 2 Stunden  mit dem Bus von Medellin entfernt. Die Busse fahren alle 30 Minuten (w\u00e4hrend der Hauptverkehrszeit noch \u00f6fter) vom Terminal del Norte ab. Der Busbahnhof ist mit der U-Bahn (Station: Caribe) erreichbar. <\/p>\n\n\n<p>\r\n\t\t\t\t\t\n\r\n\t\t\t\t\t<!-- START UNITE GALLERY 1.7.62 -->\r\n\t\t\t\t\t\r\n\t\t\t\t\n\t\t\t<div id='unitegallery_78_4' class='unite-gallery' style='margin:0px auto;'>\n\t\t\t\t\n\n\t\t\t\t\t\t<img alt=\"Guatap\u00e9\"\n\t\t\t\t\t\t     src=\"\" data-image=\"https:\/\/www.sy-maya.de\/home\/wp-content\/uploads\/2019\/10\/20191009_142720.jpg\"\n\t\t\t\t\t\t     data-thumb=\"https:\/\/www.sy-maya.de\/home\/wp-content\/uploads\/2019\/10\/20191009_142720-300x225.jpg\"\n\t\t\t\t\t\t     title=\"\"\n\t\t\t\t\t\t     style=\"display:none\">\n\n\t\t\t\t\t\t<img alt=\"Guatap\u00e9 downtown\"\n\t\t\t\t\t\t     src=\"\" data-image=\"https:\/\/www.sy-maya.de\/home\/wp-content\/uploads\/2019\/10\/PA090130.jpg\"\n\t\t\t\t\t\t     data-thumb=\"https:\/\/www.sy-maya.de\/home\/wp-content\/uploads\/2019\/10\/PA090130-300x200.jpg\"\n\t\t\t\t\t\t     title=\"\"\n\t\t\t\t\t\t     style=\"display:none\">\n\n\t\t\t\t\t\t<img alt=\"Guatap\u00e9\"\n\t\t\t\t\t\t     src=\"\" data-image=\"https:\/\/www.sy-maya.de\/home\/wp-content\/uploads\/2019\/10\/20191009_151220-e1571164740619.jpg\"\n\t\t\t\t\t\t     data-thumb=\"https:\/\/www.sy-maya.de\/home\/wp-content\/uploads\/2019\/10\/20191009_151220-e1571164740619-225x300.jpg\"\n\t\t\t\t\t\t     title=\"\"\n\t\t\t\t\t\t     style=\"display:none\">\n\n\t\t\t\t\t\t<img alt=\"Guatap\u00e9 downtown\"\n\t\t\t\t\t\t     src=\"\" data-image=\"https:\/\/www.sy-maya.de\/home\/wp-content\/uploads\/2019\/10\/PA090112.jpg\"\n\t\t\t\t\t\t     data-thumb=\"https:\/\/www.sy-maya.de\/home\/wp-content\/uploads\/2019\/10\/PA090112-300x200.jpg\"\n\t\t\t\t\t\t     title=\"\"\n\t\t\t\t\t\t     style=\"display:none\">\n\n\t\t\t\t\t\t<img alt=\"Guatap\u00e9 church\"\n\t\t\t\t\t\t     src=\"\" data-image=\"https:\/\/www.sy-maya.de\/home\/wp-content\/uploads\/2019\/10\/PA090101.jpg\"\n\t\t\t\t\t\t     data-thumb=\"https:\/\/www.sy-maya.de\/home\/wp-content\/uploads\/2019\/10\/PA090101-300x200.jpg\"\n\t\t\t\t\t\t     title=\"\"\n\t\t\t\t\t\t     style=\"display:none\">\n\n\t\t\t\t\t\t<img alt=\"Guatap\u00e9 downtown\"\n\t\t\t\t\t\t     src=\"\" data-image=\"https:\/\/www.sy-maya.de\/home\/wp-content\/uploads\/2019\/10\/PA090092.jpg\"\n\t\t\t\t\t\t     data-thumb=\"https:\/\/www.sy-maya.de\/home\/wp-content\/uploads\/2019\/10\/PA090092-300x200.jpg\"\n\t\t\t\t\t\t     title=\"\"\n\t\t\t\t\t\t     style=\"display:none\">\n\n\t\t\t\t\t\t<img alt=\"Guatap\u00e9 downtown\"\n\t\t\t\t\t\t     src=\"\" data-image=\"https:\/\/www.sy-maya.de\/home\/wp-content\/uploads\/2019\/10\/PA090083.jpg\"\n\t\t\t\t\t\t     data-thumb=\"https:\/\/www.sy-maya.de\/home\/wp-content\/uploads\/2019\/10\/PA090083-300x200.jpg\"\n\t\t\t\t\t\t     title=\"\"\n\t\t\t\t\t\t     style=\"display:none\">\n\n\t\t\t\t\t\t<img alt=\"Guatap\u00e9\"\n\t\t\t\t\t\t     src=\"\" data-image=\"https:\/\/www.sy-maya.de\/home\/wp-content\/uploads\/2019\/10\/PA090076.jpg\"\n\t\t\t\t\t\t     data-thumb=\"https:\/\/www.sy-maya.de\/home\/wp-content\/uploads\/2019\/10\/PA090076-300x200.jpg\"\n\t\t\t\t\t\t     title=\"\"\n\t\t\t\t\t\t     style=\"display:none\">\n\n\t\t\t\t\t\t<img alt=\"Guatap\u00e9\"\n\t\t\t\t\t\t     src=\"\" data-image=\"https:\/\/www.sy-maya.de\/home\/wp-content\/uploads\/2019\/10\/PA090033.jpg\"\n\t\t\t\t\t\t     data-thumb=\"https:\/\/www.sy-maya.de\/home\/wp-content\/uploads\/2019\/10\/PA090033-300x200.jpg\"\n\t\t\t\t\t\t     title=\"\"\n\t\t\t\t\t\t     style=\"display:none\">\n\n\t\t\t\t\t\t<img alt=\"Guatap\u00e9\"\n\t\t\t\t\t\t     src=\"\" data-image=\"https:\/\/www.sy-maya.de\/home\/wp-content\/uploads\/2019\/10\/PA090023.jpg\"\n\t\t\t\t\t\t     data-thumb=\"https:\/\/www.sy-maya.de\/home\/wp-content\/uploads\/2019\/10\/PA090023-300x200.jpg\"\n\t\t\t\t\t\t     title=\"\"\n\t\t\t\t\t\t     style=\"display:none\">\n\n\t\t\t\t\t\t<img alt=\"Guatap\u00e9\"\n\t\t\t\t\t\t     src=\"\" data-image=\"https:\/\/www.sy-maya.de\/home\/wp-content\/uploads\/2019\/10\/PA090019.jpg\"\n\t\t\t\t\t\t     data-thumb=\"https:\/\/www.sy-maya.de\/home\/wp-content\/uploads\/2019\/10\/PA090019-300x200.jpg\"\n\t\t\t\t\t\t     title=\"\"\n\t\t\t\t\t\t     style=\"display:none\">\n\n\t\t\t\t\t\t<img alt=\"Guatap\u00e9\"\n\t\t\t\t\t\t     src=\"\" data-image=\"https:\/\/www.sy-maya.de\/home\/wp-content\/uploads\/2019\/10\/PA090014.jpg\"\n\t\t\t\t\t\t     data-thumb=\"https:\/\/www.sy-maya.de\/home\/wp-content\/uploads\/2019\/10\/PA090014-300x200.jpg\"\n\t\t\t\t\t\t     title=\"\"\n\t\t\t\t\t\t     style=\"display:none\">\n\t\t\t<\/div>\n\n\n\t\t\t<!-- END UNITEGALLERY --><\/p>\n\n\n\n<h3 class=\"wp-block-heading\">Kolumbiens Kaffee-Region <\/h3>\n\n\n\n<p>Unsere Eindr\u00fccke aus der Kaffee-Region haben wir in einem <a href=\"https:\/\/www.sy-maya.de\/home\/2019\/10\/18\/salamina-ein-schoener-ort-in-der-kaffee-region-kolumbiens\/\">separaten Artikel<\/a> zusammengefasst. <\/p>\n\n\n\n<h4 class=\"wp-block-heading\">Zus\u00e4tzliche Informationen:<\/h4>\n\n\n\n<ul><li>&#8222;Das Wunder von Comuna 13&#8220;: <a href=\"https:\/\/www.faz.net\/aktuell\/politik\/ausland\/kolumbianische-stadt-medellin-das-wunder-der-comuna-13-11993570.html\">https:\/\/www.faz.net\/aktuell\/politik\/ausland\/kolumbianische-stadt-medellin-das-wunder-der-comuna-13-11993570.html<\/a> <\/li><li>Street Dance Gruppe &#8222;Black and White C13&#8220;: <a href=\"https:\/\/www.instagram.com\/blackandwhitec13\/\">https:\/\/www.instagram.com\/blackandwhitec13\/<\/a><\/li><li>Street Art\/ Graffiti-K\u00fcnstler: &#8222;Apollo 13&#8220;: <a href=\"https:\/\/www.instagram.com\/apolo.mde\">https:\/\/www.instagram.com\/apolo.mde<\/a>\/ <\/li><li>Street Art\/ Graffiti-K\u00fcnstlerin: Denise Duong (US) <a href=\"https:\/\/www.deniseduongart.com\">https:\/\/www.deniseduongart.com<\/a> \/ Insta: <a href=\"https:\/\/www.instagram.com\/lildfromokc\">https:\/\/www.instagram.com\/lildfromokc<\/a>\/ <\/li><li>Street Art \/ Graffiti-K\u00fcnstler: John A. Serna &#8222;Chota 13&#8220;: <a href=\"https:\/\/www.instagram.com\/chota_13\/\">https:\/\/www.instagram.com\/chota_13\/<\/a>  <\/li><\/ul>\n","protected":false},"excerpt":{"rendered":"<p>Wie bei Cartagena denke ich, dass es auch gen\u00fcgend Informationen \u00fcber Medellin gibt. Also nur kurz unsere 2 Cent: Medellin hat uns sehr gut gefallen! (Vielleicht stimmt &#8222;Bogota is the [&hellip;]<\/p>\n","protected":false},"author":3,"featured_media":0,"comment_status":"open","ping_status":"open","sticky":false,"template":"","format":"standard","meta":{"_exactmetrics_skip_tracking":false,"_exactmetrics_sitenote_active":false,"_exactmetrics_sitenote_note":"","_exactmetrics_sitenote_category":0,"footnotes":""},"categories":[1,201],"tags":[],"yoast_head":"<!-- This site is optimized with the Yoast SEO plugin v23.5 - https:\/\/yoast.com\/wordpress\/plugins\/seo\/ -->\n<title>Medellin - wirklich cool! - ein kreatives Zentrum in Kolumbien &#8211; SY-Maya.de<\/title>\n<meta name=\"description\" content=\"Medellin hat uns sehr gut gefallen! Medellin ist auch ein angesagter und cooler Ort. Unsere Highlights: Parque Arv\u00ed, el Poblado und &quot;Comuna 13&quot;.\" \/>\n<meta name=\"robots\" content=\"index, follow, max-snippet:-1, max-image-preview:large, max-video-preview:-1\" \/>\n<link rel=\"canonical\" href=\"https:\/\/www.sy-maya.de\/home\/2019\/10\/18\/medellin-2\/\" \/>\n<meta property=\"og:locale\" content=\"de_DE\" \/>\n<meta property=\"og:type\" content=\"article\" \/>\n<meta property=\"og:title\" content=\"Medellin - wirklich cool! - ein kreatives Zentrum in Kolumbien &#8211; SY-Maya.de\" \/>\n<meta property=\"og:description\" content=\"Medellin hat uns sehr gut gefallen! Medellin ist auch ein angesagter und cooler Ort. Unsere Highlights: Parque Arv\u00ed, el Poblado und &quot;Comuna 13&quot;.\" \/>\n<meta property=\"og:url\" content=\"https:\/\/www.sy-maya.de\/home\/2019\/10\/18\/medellin-2\/\" \/>\n<meta property=\"og:site_name\" content=\"SY-Maya.de\" \/>\n<meta property=\"article:published_time\" content=\"2019-10-18T16:46:37+00:00\" \/>\n<meta property=\"article:modified_time\" content=\"2019-10-18T23:59:05+00:00\" \/>\n<meta name=\"author\" content=\"Tobias\" \/>\n<meta name=\"twitter:card\" content=\"summary_large_image\" \/>\n<meta name=\"twitter:label1\" content=\"Verfasst von\" \/>\n\t<meta name=\"twitter:data1\" content=\"Tobias\" \/>\n\t<meta name=\"twitter:label2\" content=\"Gesch\u00e4tzte Lesezeit\" \/>\n\t<meta name=\"twitter:data2\" content=\"3\u00a0Minuten\" \/>\n<script type=\"application\/ld+json\" class=\"yoast-schema-graph\">{\"@context\":\"https:\/\/schema.org\",\"@graph\":[{\"@type\":\"Article\",\"@id\":\"https:\/\/www.sy-maya.de\/home\/2019\/10\/18\/medellin-2\/#article\",\"isPartOf\":{\"@id\":\"https:\/\/www.sy-maya.de\/home\/2019\/10\/18\/medellin-2\/\"},\"author\":{\"name\":\"Tobias\",\"@id\":\"https:\/\/www.sy-maya.de\/home\/#\/schema\/person\/c5267d9235b4e39503e75a219168c270\"},\"headline\":\"Medellin &#8211; wirklich cool!\",\"datePublished\":\"2019-10-18T16:46:37+00:00\",\"dateModified\":\"2019-10-18T23:59:05+00:00\",\"mainEntityOfPage\":{\"@id\":\"https:\/\/www.sy-maya.de\/home\/2019\/10\/18\/medellin-2\/\"},\"wordCount\":509,\"commentCount\":0,\"publisher\":{\"@id\":\"https:\/\/www.sy-maya.de\/home\/#\/schema\/person\/c5267d9235b4e39503e75a219168c270\"},\"articleSection\":{\"1\":\"Lateinamerika\"},\"inLanguage\":\"de\",\"potentialAction\":[{\"@type\":\"CommentAction\",\"name\":\"Comment\",\"target\":[\"https:\/\/www.sy-maya.de\/home\/2019\/10\/18\/medellin-2\/#respond\"]}]},{\"@type\":\"WebPage\",\"@id\":\"https:\/\/www.sy-maya.de\/home\/2019\/10\/18\/medellin-2\/\",\"url\":\"https:\/\/www.sy-maya.de\/home\/2019\/10\/18\/medellin-2\/\",\"name\":\"Medellin - wirklich cool! - ein kreatives Zentrum in Kolumbien &#8211; SY-Maya.de\",\"isPartOf\":{\"@id\":\"https:\/\/www.sy-maya.de\/home\/#website\"},\"datePublished\":\"2019-10-18T16:46:37+00:00\",\"dateModified\":\"2019-10-18T23:59:05+00:00\",\"description\":\"Medellin hat uns sehr gut gefallen! Medellin ist auch ein angesagter und cooler Ort. Unsere Highlights: Parque Arv\u00ed, el Poblado und \\\"Comuna 13\\\".\",\"breadcrumb\":{\"@id\":\"https:\/\/www.sy-maya.de\/home\/2019\/10\/18\/medellin-2\/#breadcrumb\"},\"inLanguage\":\"de\",\"potentialAction\":[{\"@type\":\"ReadAction\",\"target\":[\"https:\/\/www.sy-maya.de\/home\/2019\/10\/18\/medellin-2\/\"]}]},{\"@type\":\"BreadcrumbList\",\"@id\":\"https:\/\/www.sy-maya.de\/home\/2019\/10\/18\/medellin-2\/#breadcrumb\",\"itemListElement\":[{\"@type\":\"ListItem\",\"position\":1,\"name\":\"Startseite\",\"item\":\"https:\/\/www.sy-maya.de\/home\/\"},{\"@type\":\"ListItem\",\"position\":2,\"name\":\"Medellin &#8211; wirklich cool!\"}]},{\"@type\":\"WebSite\",\"@id\":\"https:\/\/www.sy-maya.de\/home\/#website\",\"url\":\"https:\/\/www.sy-maya.de\/home\/\",\"name\":\"SY-Maya.de\",\"description\":\"Cruising and Living\",\"publisher\":{\"@id\":\"https:\/\/www.sy-maya.de\/home\/#\/schema\/person\/c5267d9235b4e39503e75a219168c270\"},\"potentialAction\":[{\"@type\":\"SearchAction\",\"target\":{\"@type\":\"EntryPoint\",\"urlTemplate\":\"https:\/\/www.sy-maya.de\/home\/?s={search_term_string}\"},\"query-input\":{\"@type\":\"PropertyValueSpecification\",\"valueRequired\":true,\"valueName\":\"search_term_string\"}}],\"inLanguage\":\"de\"},{\"@type\":[\"Person\",\"Organization\"],\"@id\":\"https:\/\/www.sy-maya.de\/home\/#\/schema\/person\/c5267d9235b4e39503e75a219168c270\",\"name\":\"Tobias\",\"image\":{\"@type\":\"ImageObject\",\"inLanguage\":\"de\",\"@id\":\"https:\/\/www.sy-maya.de\/home\/#\/schema\/person\/image\/\",\"url\":\"https:\/\/www.sy-maya.de\/home\/wp-content\/uploads\/2018\/02\/cropped-SY-Maya150x150-1.png\",\"contentUrl\":\"https:\/\/www.sy-maya.de\/home\/wp-content\/uploads\/2018\/02\/cropped-SY-Maya150x150-1.png\",\"width\":150,\"height\":150,\"caption\":\"Tobias\"},\"logo\":{\"@id\":\"https:\/\/www.sy-maya.de\/home\/#\/schema\/person\/image\/\"},\"url\":\"https:\/\/www.sy-maya.de\/home\/author\/tobias_e\/\"}]}<\/script>\n<!-- \/ Yoast SEO plugin. -->","yoast_head_json":{"title":"Medellin - wirklich cool! - ein kreatives Zentrum in Kolumbien &#8211; SY-Maya.de","description":"Medellin hat uns sehr gut gefallen! Medellin ist auch ein angesagter und cooler Ort. Unsere Highlights: Parque Arv\u00ed, el Poblado und \"Comuna 13\".","robots":{"index":"index","follow":"follow","max-snippet":"max-snippet:-1","max-image-preview":"max-image-preview:large","max-video-preview":"max-video-preview:-1"},"canonical":"https:\/\/www.sy-maya.de\/home\/2019\/10\/18\/medellin-2\/","og_locale":"de_DE","og_type":"article","og_title":"Medellin - wirklich cool! - ein kreatives Zentrum in Kolumbien &#8211; SY-Maya.de","og_description":"Medellin hat uns sehr gut gefallen! Medellin ist auch ein angesagter und cooler Ort. Unsere Highlights: Parque Arv\u00ed, el Poblado und \"Comuna 13\".","og_url":"https:\/\/www.sy-maya.de\/home\/2019\/10\/18\/medellin-2\/","og_site_name":"SY-Maya.de","article_published_time":"2019-10-18T16:46:37+00:00","article_modified_time":"2019-10-18T23:59:05+00:00","author":"Tobias","twitter_card":"summary_large_image","twitter_misc":{"Verfasst von":"Tobias","Gesch\u00e4tzte Lesezeit":"3\u00a0Minuten"},"schema":{"@context":"https:\/\/schema.org","@graph":[{"@type":"Article","@id":"https:\/\/www.sy-maya.de\/home\/2019\/10\/18\/medellin-2\/#article","isPartOf":{"@id":"https:\/\/www.sy-maya.de\/home\/2019\/10\/18\/medellin-2\/"},"author":{"name":"Tobias","@id":"https:\/\/www.sy-maya.de\/home\/#\/schema\/person\/c5267d9235b4e39503e75a219168c270"},"headline":"Medellin &#8211; wirklich cool!","datePublished":"2019-10-18T16:46:37+00:00","dateModified":"2019-10-18T23:59:05+00:00","mainEntityOfPage":{"@id":"https:\/\/www.sy-maya.de\/home\/2019\/10\/18\/medellin-2\/"},"wordCount":509,"commentCount":0,"publisher":{"@id":"https:\/\/www.sy-maya.de\/home\/#\/schema\/person\/c5267d9235b4e39503e75a219168c270"},"articleSection":{"1":"Lateinamerika"},"inLanguage":"de","potentialAction":[{"@type":"CommentAction","name":"Comment","target":["https:\/\/www.sy-maya.de\/home\/2019\/10\/18\/medellin-2\/#respond"]}]},{"@type":"WebPage","@id":"https:\/\/www.sy-maya.de\/home\/2019\/10\/18\/medellin-2\/","url":"https:\/\/www.sy-maya.de\/home\/2019\/10\/18\/medellin-2\/","name":"Medellin - wirklich cool! - ein kreatives Zentrum in Kolumbien &#8211; SY-Maya.de","isPartOf":{"@id":"https:\/\/www.sy-maya.de\/home\/#website"},"datePublished":"2019-10-18T16:46:37+00:00","dateModified":"2019-10-18T23:59:05+00:00","description":"Medellin hat uns sehr gut gefallen! Medellin ist auch ein angesagter und cooler Ort. Unsere Highlights: Parque Arv\u00ed, el Poblado und \"Comuna 13\".","breadcrumb":{"@id":"https:\/\/www.sy-maya.de\/home\/2019\/10\/18\/medellin-2\/#breadcrumb"},"inLanguage":"de","potentialAction":[{"@type":"ReadAction","target":["https:\/\/www.sy-maya.de\/home\/2019\/10\/18\/medellin-2\/"]}]},{"@type":"BreadcrumbList","@id":"https:\/\/www.sy-maya.de\/home\/2019\/10\/18\/medellin-2\/#breadcrumb","itemListElement":[{"@type":"ListItem","position":1,"name":"Startseite","item":"https:\/\/www.sy-maya.de\/home\/"},{"@type":"ListItem","position":2,"name":"Medellin &#8211; wirklich cool!"}]},{"@type":"WebSite","@id":"https:\/\/www.sy-maya.de\/home\/#website","url":"https:\/\/www.sy-maya.de\/home\/","name":"SY-Maya.de","description":"Cruising and Living","publisher":{"@id":"https:\/\/www.sy-maya.de\/home\/#\/schema\/person\/c5267d9235b4e39503e75a219168c270"},"potentialAction":[{"@type":"SearchAction","target":{"@type":"EntryPoint","urlTemplate":"https:\/\/www.sy-maya.de\/home\/?s={search_term_string}"},"query-input":{"@type":"PropertyValueSpecification","valueRequired":true,"valueName":"search_term_string"}}],"inLanguage":"de"},{"@type":["Person","Organization"],"@id":"https:\/\/www.sy-maya.de\/home\/#\/schema\/person\/c5267d9235b4e39503e75a219168c270","name":"Tobias","image":{"@type":"ImageObject","inLanguage":"de","@id":"https:\/\/www.sy-maya.de\/home\/#\/schema\/person\/image\/","url":"https:\/\/www.sy-maya.de\/home\/wp-content\/uploads\/2018\/02\/cropped-SY-Maya150x150-1.png","contentUrl":"https:\/\/www.sy-maya.de\/home\/wp-content\/uploads\/2018\/02\/cropped-SY-Maya150x150-1.png","width":150,"height":150,"caption":"Tobias"},"logo":{"@id":"https:\/\/www.sy-maya.de\/home\/#\/schema\/person\/image\/"},"url":"https:\/\/www.sy-maya.de\/home\/author\/tobias_e\/"}]}},"_links":{"self":[{"href":"https:\/\/www.sy-maya.de\/home\/wp-json\/wp\/v2\/posts\/2065"}],"collection":[{"href":"https:\/\/www.sy-maya.de\/home\/wp-json\/wp\/v2\/posts"}],"about":[{"href":"https:\/\/www.sy-maya.de\/home\/wp-json\/wp\/v2\/types\/post"}],"author":[{"embeddable":true,"href":"https:\/\/www.sy-maya.de\/home\/wp-json\/wp\/v2\/users\/3"}],"replies":[{"embeddable":true,"href":"https:\/\/www.sy-maya.de\/home\/wp-json\/wp\/v2\/comments?post=2065"}],"version-history":[{"count":10,"href":"https:\/\/www.sy-maya.de\/home\/wp-json\/wp\/v2\/posts\/2065\/revisions"}],"predecessor-version":[{"id":2231,"href":"https:\/\/www.sy-maya.de\/home\/wp-json\/wp\/v2\/posts\/2065\/revisions\/2231"}],"wp:attachment":[{"href":"https:\/\/www.sy-maya.de\/home\/wp-json\/wp\/v2\/media?parent=2065"}],"wp:term":[{"taxonomy":"category","embeddable":true,"href":"https:\/\/www.sy-maya.de\/home\/wp-json\/wp\/v2\/categories?post=2065"},{"taxonomy":"post_tag","embeddable":true,"href":"https:\/\/www.sy-maya.de\/home\/wp-json\/wp\/v2\/tags?post=2065"}],"curies":[{"name":"wp","href":"https:\/\/api.w.org\/{rel}","templated":true}]}}