{"id":807,"date":"2019-01-19T15:54:07","date_gmt":"2019-01-19T14:54:07","guid":{"rendered":"https:\/\/www.sy-maya.de\/home\/?p=807"},"modified":"2019-02-06T10:56:09","modified_gmt":"2019-02-06T09:56:09","slug":"portugiesische-atlantikkueste-und-algarve","status":"publish","type":"post","link":"https:\/\/www.sy-maya.de\/home\/2019\/01\/19\/portugiesische-atlantikkueste-und-algarve\/","title":{"rendered":"Portugiesische Atlantikk\u00fcste und Algarve"},"content":{"rendered":"\n<p>Endlich wieder unterwegs! Der Atlantik hat uns wieder und scheint uns sehr wohlgesonnen! Wind und Wellen machen den Wiedereinstieg sehr angenehm und der Ozean zeigt sich von seiner angenehmsten Seite &#8211; obwohl es doch auch etwas frisch werden kann um diese Jahreszeit.<\/p>\n\n\n<p>\r\n\t\t\t\t\t\n\r\n\t\t\t\t\t<!-- START UNITE GALLERY 1.7.62 -->\r\n\t\t\t\t\t\r\n\t\t\t\t\n\t\t\t<div id='unitegallery_21_1' class='unite-gallery' style='margin:0px auto;'>\n\t\t\t\t\n\n\t\t\t\t\t\t<img alt=\"OLYMPUS DIGITAL CAMERA\"\n\t\t\t\t\t\t     src=\"\" data-image=\"https:\/\/www.sy-maya.de\/home\/wp-content\/uploads\/2019\/01\/P1174343.jpg\"\n\t\t\t\t\t\t     data-thumb=\"https:\/\/www.sy-maya.de\/home\/wp-content\/uploads\/2019\/01\/P1174343-300x225.jpg\"\n\t\t\t\t\t\t     title=\"\"\n\t\t\t\t\t\t     style=\"display:none\">\n\n\t\t\t\t\t\t<img alt=\"SY Maya in Sines\"\n\t\t\t\t\t\t     src=\"\" data-image=\"https:\/\/www.sy-maya.de\/home\/wp-content\/uploads\/2019\/01\/P1174320.jpg\"\n\t\t\t\t\t\t     data-thumb=\"https:\/\/www.sy-maya.de\/home\/wp-content\/uploads\/2019\/01\/P1174320-300x225.jpg\"\n\t\t\t\t\t\t     title=\"\"\n\t\t\t\t\t\t     style=\"display:none\">\n\n\t\t\t\t\t\t<img alt=\"OLYMPUS DIGITAL CAMERA\"\n\t\t\t\t\t\t     src=\"\" data-image=\"https:\/\/www.sy-maya.de\/home\/wp-content\/uploads\/2019\/01\/P1174363.jpg\"\n\t\t\t\t\t\t     data-thumb=\"https:\/\/www.sy-maya.de\/home\/wp-content\/uploads\/2019\/01\/P1174363-300x225.jpg\"\n\t\t\t\t\t\t     title=\"\"\n\t\t\t\t\t\t     style=\"display:none\">\n\n\t\t\t\t\t\t<img alt=\"OLYMPUS DIGITAL CAMERA\"\n\t\t\t\t\t\t     src=\"\" data-image=\"https:\/\/www.sy-maya.de\/home\/wp-content\/uploads\/2019\/01\/P1174366.jpg\"\n\t\t\t\t\t\t     data-thumb=\"https:\/\/www.sy-maya.de\/home\/wp-content\/uploads\/2019\/01\/P1174366-300x225.jpg\"\n\t\t\t\t\t\t     title=\"\"\n\t\t\t\t\t\t     style=\"display:none\">\n\n\t\t\t\t\t\t<img alt=\"OLYMPUS DIGITAL CAMERA\"\n\t\t\t\t\t\t     src=\"\" data-image=\"https:\/\/www.sy-maya.de\/home\/wp-content\/uploads\/2019\/01\/P1174376.jpg\"\n\t\t\t\t\t\t     data-thumb=\"https:\/\/www.sy-maya.de\/home\/wp-content\/uploads\/2019\/01\/P1174376-300x225.jpg\"\n\t\t\t\t\t\t     title=\"\"\n\t\t\t\t\t\t     style=\"display:none\">\n\n\t\t\t\t\t\t<img alt=\"OLYMPUS DIGITAL CAMERA\"\n\t\t\t\t\t\t     src=\"\" data-image=\"https:\/\/www.sy-maya.de\/home\/wp-content\/uploads\/2019\/01\/P1174377.jpg\"\n\t\t\t\t\t\t     data-thumb=\"https:\/\/www.sy-maya.de\/home\/wp-content\/uploads\/2019\/01\/P1174377-300x225.jpg\"\n\t\t\t\t\t\t     title=\"\"\n\t\t\t\t\t\t     style=\"display:none\">\n\n\t\t\t\t\t\t<img alt=\"20190117_123656\"\n\t\t\t\t\t\t     src=\"\" data-image=\"https:\/\/www.sy-maya.de\/home\/wp-content\/uploads\/2019\/01\/20190117_123656.jpg\"\n\t\t\t\t\t\t     data-thumb=\"https:\/\/www.sy-maya.de\/home\/wp-content\/uploads\/2019\/01\/20190117_123656-300x225.jpg\"\n\t\t\t\t\t\t     title=\"\"\n\t\t\t\t\t\t     style=\"display:none\">\n\n\t\t\t\t\t\t<img alt=\"20190117_145833\"\n\t\t\t\t\t\t     src=\"\" data-image=\"https:\/\/www.sy-maya.de\/home\/wp-content\/uploads\/2019\/01\/20190117_145833.jpg\"\n\t\t\t\t\t\t     data-thumb=\"https:\/\/www.sy-maya.de\/home\/wp-content\/uploads\/2019\/01\/20190117_145833-300x225.jpg\"\n\t\t\t\t\t\t     title=\"\"\n\t\t\t\t\t\t     style=\"display:none\">\n\n\t\t\t\t\t\t<img alt=\"OLYMPUS DIGITAL CAMERA\"\n\t\t\t\t\t\t     src=\"\" data-image=\"https:\/\/www.sy-maya.de\/home\/wp-content\/uploads\/2019\/01\/P1164284-1.jpg\"\n\t\t\t\t\t\t     data-thumb=\"https:\/\/www.sy-maya.de\/home\/wp-content\/uploads\/2019\/01\/P1164284-1-300x225.jpg\"\n\t\t\t\t\t\t     title=\"\"\n\t\t\t\t\t\t     style=\"display:none\">\n\t\t\t<\/div>\n\n\t\t\t<script type='text\/javascript'>\n\t\t\t\twindow.onload = function(e) {\n\t\t\t\t\tif(typeof ugCheckForErrors == \"undefined\"){\n\t\t\t\t\t\tdocument.getElementById(\"unitegallery_21_1\").innerHTML = \"<span style='color:red'>Unite Gallery Error - gallery js and css files not included in the footer. Please make sure that wp_footer() function is added to your theme.<\/span>\";}\n\t\t\t\t\telse{ ugCheckForErrors(\"unitegallery_21_1\", \"jquery\");}\n\t\t\t\t};\n\t\t\t<\/script>\n\n\t\t\t<!-- END UNITEGALLERY --><\/p>\n\n\n\n<p>Der erste Stopp unserer Reise war in Sines. Diese sch\u00f6ne kleine Stadt ist perfekt, um nach dem Trubel in Lissabon etwas zu entspannen. Diese Stadt ist auch der Geburtsort von Vasco da Gama &#8211; dem gro\u00dfen Entdecker und Seefahrer. Eine sch\u00f6ne Stadt &#8211; hier k\u00f6nnten wir gerne mehr Zeit verbringen.<\/p>\n\n\n\n<p>Unser n\u00e4chstes Ziel war Portimao. Eine eher touristische Stadt an der Algarve. Allerdings mit einer modernen Marina und guter Infrastruktur. Im Januar sind allerdings viele Restaurants geschlossen und es wirkt teilweise etwas verlassen. Aber vielleicht ist das sogar sch\u00f6ner als die Sommerzeit mit den vielen Touristen. Immerhin haben wir ein nettes Restaurant gefunden, um dort Geburtstag zu feiern.<\/p>\n\n\n<p>\r\n\t\t\t\t\t\n\r\n\t\t\t\t\t<!-- START UNITE GALLERY 1.7.62 -->\r\n\t\t\t\t\t\r\n\t\t\t\t\n\t\t\t<div id='unitegallery_22_2' class='unite-gallery' style='margin:0px auto;'>\n\t\t\t\t\n\n\t\t\t\t\t\t<img alt=\"Portimao Marina\"\n\t\t\t\t\t\t     src=\"\" data-image=\"https:\/\/www.sy-maya.de\/home\/wp-content\/uploads\/2019\/01\/20190118_141941.jpg\"\n\t\t\t\t\t\t     data-thumb=\"https:\/\/www.sy-maya.de\/home\/wp-content\/uploads\/2019\/01\/20190118_141941-300x225.jpg\"\n\t\t\t\t\t\t     title=\"\"\n\t\t\t\t\t\t     style=\"display:none\">\n\n\t\t\t\t\t\t<img alt=\"Portimao Beach\"\n\t\t\t\t\t\t     src=\"\" data-image=\"https:\/\/www.sy-maya.de\/home\/wp-content\/uploads\/2019\/01\/20190118_173825.jpg\"\n\t\t\t\t\t\t     data-thumb=\"https:\/\/www.sy-maya.de\/home\/wp-content\/uploads\/2019\/01\/20190118_173825-300x225.jpg\"\n\t\t\t\t\t\t     title=\"\"\n\t\t\t\t\t\t     style=\"display:none\">\n\n\t\t\t\t\t\t<img alt=\"OLYMPUS DIGITAL CAMERA\"\n\t\t\t\t\t\t     src=\"\" data-image=\"https:\/\/www.sy-maya.de\/home\/wp-content\/uploads\/2019\/01\/P1184425.jpg\"\n\t\t\t\t\t\t     data-thumb=\"https:\/\/www.sy-maya.de\/home\/wp-content\/uploads\/2019\/01\/P1184425-300x225.jpg\"\n\t\t\t\t\t\t     title=\"\"\n\t\t\t\t\t\t     style=\"display:none\">\n\n\t\t\t\t\t\t<img alt=\"Birthday Party in Portimao\"\n\t\t\t\t\t\t     src=\"\" data-image=\"https:\/\/www.sy-maya.de\/home\/wp-content\/uploads\/2019\/01\/20190118_205239.jpg\"\n\t\t\t\t\t\t     data-thumb=\"https:\/\/www.sy-maya.de\/home\/wp-content\/uploads\/2019\/01\/20190118_205239-300x225.jpg\"\n\t\t\t\t\t\t     title=\"\"\n\t\t\t\t\t\t     style=\"display:none\">\n\n\t\t\t\t\t\t<img alt=\"Cabo de S\u00e3o Vicente\"\n\t\t\t\t\t\t     src=\"\" data-image=\"https:\/\/www.sy-maya.de\/home\/wp-content\/uploads\/2019\/02\/20190118_073314.jpg\"\n\t\t\t\t\t\t     data-thumb=\"https:\/\/www.sy-maya.de\/home\/wp-content\/uploads\/2019\/02\/20190118_073314-300x225.jpg\"\n\t\t\t\t\t\t     title=\"\"\n\t\t\t\t\t\t     style=\"display:none\">\n\n\t\t\t\t\t\t<img alt=\"Portimao\"\n\t\t\t\t\t\t     src=\"\" data-image=\"https:\/\/www.sy-maya.de\/home\/wp-content\/uploads\/2019\/02\/P1184435.jpg\"\n\t\t\t\t\t\t     data-thumb=\"https:\/\/www.sy-maya.de\/home\/wp-content\/uploads\/2019\/02\/P1184435-300x225.jpg\"\n\t\t\t\t\t\t     title=\"\"\n\t\t\t\t\t\t     style=\"display:none\">\n\t\t\t<\/div>\n\n\n\t\t\t<!-- END UNITEGALLERY --><\/p>\n\n\n\n<p>In Faro haben wir geankert und die Ruhe genossen. Auch wenn neben unserem Ankerplatz direkt eine Segelregatta ausgetragen wurde, hat das nicht gest\u00f6rt. Im Gegenteil das war ein toller Anblick und das Zusehen hat gro\u00dfen Spa\u00df gemacht. <\/p>\n","protected":false},"excerpt":{"rendered":"<p>Endlich wieder unterwegs! Der Atlantik hat uns wieder und scheint uns sehr wohlgesonnen! Wind und Wellen machen den Wiedereinstieg sehr angenehm und der Ozean zeigt sich von seiner angenehmsten Seite [&hellip;]<\/p>\n","protected":false},"author":1,"featured_media":0,"comment_status":"open","ping_status":"open","sticky":false,"template":"","format":"standard","meta":{"_exactmetrics_skip_tracking":false,"_exactmetrics_sitenote_active":false,"_exactmetrics_sitenote_note":"","_exactmetrics_sitenote_category":0,"footnotes":""},"categories":[1,56],"tags":[],"yoast_head":"<!-- This site is optimized with the Yoast SEO plugin v23.5 - https:\/\/yoast.com\/wordpress\/plugins\/seo\/ -->\n<title>Portugiesische Atlantikk\u00fcste und Algarve &#8211; SY-Maya.de<\/title>\n<meta name=\"robots\" content=\"index, follow, max-snippet:-1, max-image-preview:large, max-video-preview:-1\" \/>\n<link rel=\"canonical\" href=\"https:\/\/www.sy-maya.de\/home\/2019\/01\/19\/portugiesische-atlantikkueste-und-algarve\/\" \/>\n<meta property=\"og:locale\" content=\"de_DE\" \/>\n<meta property=\"og:type\" content=\"article\" \/>\n<meta property=\"og:title\" content=\"Portugiesische Atlantikk\u00fcste und Algarve &#8211; SY-Maya.de\" \/>\n<meta property=\"og:description\" content=\"Endlich wieder unterwegs! Der Atlantik hat uns wieder und scheint uns sehr wohlgesonnen! Wind und Wellen machen den Wiedereinstieg sehr angenehm und der Ozean zeigt sich von seiner angenehmsten Seite [&hellip;]\" \/>\n<meta property=\"og:url\" content=\"https:\/\/www.sy-maya.de\/home\/2019\/01\/19\/portugiesische-atlantikkueste-und-algarve\/\" \/>\n<meta property=\"og:site_name\" content=\"SY-Maya.de\" \/>\n<meta property=\"article:published_time\" content=\"2019-01-19T14:54:07+00:00\" \/>\n<meta property=\"article:modified_time\" content=\"2019-02-06T09:56:09+00:00\" \/>\n<meta name=\"author\" content=\"Tobias\" \/>\n<meta name=\"twitter:card\" content=\"summary_large_image\" \/>\n<meta name=\"twitter:label1\" content=\"Verfasst von\" \/>\n\t<meta name=\"twitter:data1\" content=\"Tobias\" \/>\n\t<meta name=\"twitter:label2\" content=\"Gesch\u00e4tzte Lesezeit\" \/>\n\t<meta name=\"twitter:data2\" content=\"1\u00a0Minute\" \/>\n<script type=\"application\/ld+json\" class=\"yoast-schema-graph\">{\"@context\":\"https:\/\/schema.org\",\"@graph\":[{\"@type\":\"Article\",\"@id\":\"https:\/\/www.sy-maya.de\/home\/2019\/01\/19\/portugiesische-atlantikkueste-und-algarve\/#article\",\"isPartOf\":{\"@id\":\"https:\/\/www.sy-maya.de\/home\/2019\/01\/19\/portugiesische-atlantikkueste-und-algarve\/\"},\"author\":{\"name\":\"Tobias\",\"@id\":\"https:\/\/www.sy-maya.de\/home\/#\/schema\/person\/3e684283d46be44488a4170c8a4ba4ac\"},\"headline\":\"Portugiesische Atlantikk\u00fcste und Algarve\",\"datePublished\":\"2019-01-19T14:54:07+00:00\",\"dateModified\":\"2019-02-06T09:56:09+00:00\",\"mainEntityOfPage\":{\"@id\":\"https:\/\/www.sy-maya.de\/home\/2019\/01\/19\/portugiesische-atlantikkueste-und-algarve\/\"},\"wordCount\":208,\"commentCount\":0,\"publisher\":{\"@id\":\"https:\/\/www.sy-maya.de\/home\/#\/schema\/person\/c5267d9235b4e39503e75a219168c270\"},\"articleSection\":{\"1\":\"Atlantic\"},\"inLanguage\":\"de\",\"potentialAction\":[{\"@type\":\"CommentAction\",\"name\":\"Comment\",\"target\":[\"https:\/\/www.sy-maya.de\/home\/2019\/01\/19\/portugiesische-atlantikkueste-und-algarve\/#respond\"]}]},{\"@type\":\"WebPage\",\"@id\":\"https:\/\/www.sy-maya.de\/home\/2019\/01\/19\/portugiesische-atlantikkueste-und-algarve\/\",\"url\":\"https:\/\/www.sy-maya.de\/home\/2019\/01\/19\/portugiesische-atlantikkueste-und-algarve\/\",\"name\":\"Portugiesische Atlantikk\u00fcste und Algarve &#8211; SY-Maya.de\",\"isPartOf\":{\"@id\":\"https:\/\/www.sy-maya.de\/home\/#website\"},\"datePublished\":\"2019-01-19T14:54:07+00:00\",\"dateModified\":\"2019-02-06T09:56:09+00:00\",\"breadcrumb\":{\"@id\":\"https:\/\/www.sy-maya.de\/home\/2019\/01\/19\/portugiesische-atlantikkueste-und-algarve\/#breadcrumb\"},\"inLanguage\":\"de\",\"potentialAction\":[{\"@type\":\"ReadAction\",\"target\":[\"https:\/\/www.sy-maya.de\/home\/2019\/01\/19\/portugiesische-atlantikkueste-und-algarve\/\"]}]},{\"@type\":\"BreadcrumbList\",\"@id\":\"https:\/\/www.sy-maya.de\/home\/2019\/01\/19\/portugiesische-atlantikkueste-und-algarve\/#breadcrumb\",\"itemListElement\":[{\"@type\":\"ListItem\",\"position\":1,\"name\":\"Startseite\",\"item\":\"https:\/\/www.sy-maya.de\/home\/\"},{\"@type\":\"ListItem\",\"position\":2,\"name\":\"Portugiesische Atlantikk\u00fcste und Algarve\"}]},{\"@type\":\"WebSite\",\"@id\":\"https:\/\/www.sy-maya.de\/home\/#website\",\"url\":\"https:\/\/www.sy-maya.de\/home\/\",\"name\":\"SY-Maya.de\",\"description\":\"Cruising and Living\",\"publisher\":{\"@id\":\"https:\/\/www.sy-maya.de\/home\/#\/schema\/person\/c5267d9235b4e39503e75a219168c270\"},\"potentialAction\":[{\"@type\":\"SearchAction\",\"target\":{\"@type\":\"EntryPoint\",\"urlTemplate\":\"https:\/\/www.sy-maya.de\/home\/?s={search_term_string}\"},\"query-input\":{\"@type\":\"PropertyValueSpecification\",\"valueRequired\":true,\"valueName\":\"search_term_string\"}}],\"inLanguage\":\"de\"},{\"@type\":[\"Person\",\"Organization\"],\"@id\":\"https:\/\/www.sy-maya.de\/home\/#\/schema\/person\/c5267d9235b4e39503e75a219168c270\",\"name\":\"Tobias\",\"image\":{\"@type\":\"ImageObject\",\"inLanguage\":\"de\",\"@id\":\"https:\/\/www.sy-maya.de\/home\/#\/schema\/person\/image\/\",\"url\":\"https:\/\/www.sy-maya.de\/home\/wp-content\/uploads\/2018\/02\/cropped-SY-Maya150x150-1.png\",\"contentUrl\":\"https:\/\/www.sy-maya.de\/home\/wp-content\/uploads\/2018\/02\/cropped-SY-Maya150x150-1.png\",\"width\":150,\"height\":150,\"caption\":\"Tobias\"},\"logo\":{\"@id\":\"https:\/\/www.sy-maya.de\/home\/#\/schema\/person\/image\/\"}},{\"@type\":\"Person\",\"@id\":\"https:\/\/www.sy-maya.de\/home\/#\/schema\/person\/3e684283d46be44488a4170c8a4ba4ac\",\"name\":\"Tobias\",\"image\":{\"@type\":\"ImageObject\",\"inLanguage\":\"de\",\"@id\":\"https:\/\/www.sy-maya.de\/home\/#\/schema\/person\/image\/\",\"url\":\"https:\/\/secure.gravatar.com\/avatar\/5ff7d3e81c56726f18228c4efa737849?s=96&d=mm&r=g\",\"contentUrl\":\"https:\/\/secure.gravatar.com\/avatar\/5ff7d3e81c56726f18228c4efa737849?s=96&d=mm&r=g\",\"caption\":\"Tobias\"},\"url\":\"https:\/\/www.sy-maya.de\/home\/author\/tobias\/\"}]}<\/script>\n<!-- \/ Yoast SEO plugin. -->","yoast_head_json":{"title":"Portugiesische Atlantikk\u00fcste und Algarve &#8211; SY-Maya.de","robots":{"index":"index","follow":"follow","max-snippet":"max-snippet:-1","max-image-preview":"max-image-preview:large","max-video-preview":"max-video-preview:-1"},"canonical":"https:\/\/www.sy-maya.de\/home\/2019\/01\/19\/portugiesische-atlantikkueste-und-algarve\/","og_locale":"de_DE","og_type":"article","og_title":"Portugiesische Atlantikk\u00fcste und Algarve &#8211; SY-Maya.de","og_description":"Endlich wieder unterwegs! Der Atlantik hat uns wieder und scheint uns sehr wohlgesonnen! Wind und Wellen machen den Wiedereinstieg sehr angenehm und der Ozean zeigt sich von seiner angenehmsten Seite [&hellip;]","og_url":"https:\/\/www.sy-maya.de\/home\/2019\/01\/19\/portugiesische-atlantikkueste-und-algarve\/","og_site_name":"SY-Maya.de","article_published_time":"2019-01-19T14:54:07+00:00","article_modified_time":"2019-02-06T09:56:09+00:00","author":"Tobias","twitter_card":"summary_large_image","twitter_misc":{"Verfasst von":"Tobias","Gesch\u00e4tzte Lesezeit":"1\u00a0Minute"},"schema":{"@context":"https:\/\/schema.org","@graph":[{"@type":"Article","@id":"https:\/\/www.sy-maya.de\/home\/2019\/01\/19\/portugiesische-atlantikkueste-und-algarve\/#article","isPartOf":{"@id":"https:\/\/www.sy-maya.de\/home\/2019\/01\/19\/portugiesische-atlantikkueste-und-algarve\/"},"author":{"name":"Tobias","@id":"https:\/\/www.sy-maya.de\/home\/#\/schema\/person\/3e684283d46be44488a4170c8a4ba4ac"},"headline":"Portugiesische Atlantikk\u00fcste und Algarve","datePublished":"2019-01-19T14:54:07+00:00","dateModified":"2019-02-06T09:56:09+00:00","mainEntityOfPage":{"@id":"https:\/\/www.sy-maya.de\/home\/2019\/01\/19\/portugiesische-atlantikkueste-und-algarve\/"},"wordCount":208,"commentCount":0,"publisher":{"@id":"https:\/\/www.sy-maya.de\/home\/#\/schema\/person\/c5267d9235b4e39503e75a219168c270"},"articleSection":{"1":"Atlantic"},"inLanguage":"de","potentialAction":[{"@type":"CommentAction","name":"Comment","target":["https:\/\/www.sy-maya.de\/home\/2019\/01\/19\/portugiesische-atlantikkueste-und-algarve\/#respond"]}]},{"@type":"WebPage","@id":"https:\/\/www.sy-maya.de\/home\/2019\/01\/19\/portugiesische-atlantikkueste-und-algarve\/","url":"https:\/\/www.sy-maya.de\/home\/2019\/01\/19\/portugiesische-atlantikkueste-und-algarve\/","name":"Portugiesische Atlantikk\u00fcste und Algarve &#8211; SY-Maya.de","isPartOf":{"@id":"https:\/\/www.sy-maya.de\/home\/#website"},"datePublished":"2019-01-19T14:54:07+00:00","dateModified":"2019-02-06T09:56:09+00:00","breadcrumb":{"@id":"https:\/\/www.sy-maya.de\/home\/2019\/01\/19\/portugiesische-atlantikkueste-und-algarve\/#breadcrumb"},"inLanguage":"de","potentialAction":[{"@type":"ReadAction","target":["https:\/\/www.sy-maya.de\/home\/2019\/01\/19\/portugiesische-atlantikkueste-und-algarve\/"]}]},{"@type":"BreadcrumbList","@id":"https:\/\/www.sy-maya.de\/home\/2019\/01\/19\/portugiesische-atlantikkueste-und-algarve\/#breadcrumb","itemListElement":[{"@type":"ListItem","position":1,"name":"Startseite","item":"https:\/\/www.sy-maya.de\/home\/"},{"@type":"ListItem","position":2,"name":"Portugiesische Atlantikk\u00fcste und Algarve"}]},{"@type":"WebSite","@id":"https:\/\/www.sy-maya.de\/home\/#website","url":"https:\/\/www.sy-maya.de\/home\/","name":"SY-Maya.de","description":"Cruising and Living","publisher":{"@id":"https:\/\/www.sy-maya.de\/home\/#\/schema\/person\/c5267d9235b4e39503e75a219168c270"},"potentialAction":[{"@type":"SearchAction","target":{"@type":"EntryPoint","urlTemplate":"https:\/\/www.sy-maya.de\/home\/?s={search_term_string}"},"query-input":{"@type":"PropertyValueSpecification","valueRequired":true,"valueName":"search_term_string"}}],"inLanguage":"de"},{"@type":["Person","Organization"],"@id":"https:\/\/www.sy-maya.de\/home\/#\/schema\/person\/c5267d9235b4e39503e75a219168c270","name":"Tobias","image":{"@type":"ImageObject","inLanguage":"de","@id":"https:\/\/www.sy-maya.de\/home\/#\/schema\/person\/image\/","url":"https:\/\/www.sy-maya.de\/home\/wp-content\/uploads\/2018\/02\/cropped-SY-Maya150x150-1.png","contentUrl":"https:\/\/www.sy-maya.de\/home\/wp-content\/uploads\/2018\/02\/cropped-SY-Maya150x150-1.png","width":150,"height":150,"caption":"Tobias"},"logo":{"@id":"https:\/\/www.sy-maya.de\/home\/#\/schema\/person\/image\/"}},{"@type":"Person","@id":"https:\/\/www.sy-maya.de\/home\/#\/schema\/person\/3e684283d46be44488a4170c8a4ba4ac","name":"Tobias","image":{"@type":"ImageObject","inLanguage":"de","@id":"https:\/\/www.sy-maya.de\/home\/#\/schema\/person\/image\/","url":"https:\/\/secure.gravatar.com\/avatar\/5ff7d3e81c56726f18228c4efa737849?s=96&d=mm&r=g","contentUrl":"https:\/\/secure.gravatar.com\/avatar\/5ff7d3e81c56726f18228c4efa737849?s=96&d=mm&r=g","caption":"Tobias"},"url":"https:\/\/www.sy-maya.de\/home\/author\/tobias\/"}]}},"_links":{"self":[{"href":"https:\/\/www.sy-maya.de\/home\/wp-json\/wp\/v2\/posts\/807"}],"collection":[{"href":"https:\/\/www.sy-maya.de\/home\/wp-json\/wp\/v2\/posts"}],"about":[{"href":"https:\/\/www.sy-maya.de\/home\/wp-json\/wp\/v2\/types\/post"}],"author":[{"embeddable":true,"href":"https:\/\/www.sy-maya.de\/home\/wp-json\/wp\/v2\/users\/1"}],"replies":[{"embeddable":true,"href":"https:\/\/www.sy-maya.de\/home\/wp-json\/wp\/v2\/comments?post=807"}],"version-history":[{"count":2,"href":"https:\/\/www.sy-maya.de\/home\/wp-json\/wp\/v2\/posts\/807\/revisions"}],"predecessor-version":[{"id":865,"href":"https:\/\/www.sy-maya.de\/home\/wp-json\/wp\/v2\/posts\/807\/revisions\/865"}],"wp:attachment":[{"href":"https:\/\/www.sy-maya.de\/home\/wp-json\/wp\/v2\/media?parent=807"}],"wp:term":[{"taxonomy":"category","embeddable":true,"href":"https:\/\/www.sy-maya.de\/home\/wp-json\/wp\/v2\/categories?post=807"},{"taxonomy":"post_tag","embeddable":true,"href":"https:\/\/www.sy-maya.de\/home\/wp-json\/wp\/v2\/tags?post=807"}],"curies":[{"name":"wp","href":"https:\/\/api.w.org\/{rel}","templated":true}]}}